{"id":14123,"date":"2023-08-28T17:23:21","date_gmt":"2023-08-28T17:23:21","guid":{"rendered":"http:\/\/www.andacolloconectado.cl\/?p=14123"},"modified":"2023-08-28T17:23:21","modified_gmt":"2023-08-28T17:23:21","slug":"ultimos-dias-para-postular-al-subsidio-de-arriendo-para-adultos-mayores-y-personas-en-situacion-de-discapacidad","status":"publish","type":"post","link":"https:\/\/www.andacolloconectado.cl\/index.php\/ultimos-dias-para-postular-al-subsidio-de-arriendo-para-adultos-mayores-y-personas-en-situacion-de-discapacidad\/","title":{"rendered":"\u00daltimos d\u00edas para postular al Subsidio de Arriendo para Adultos Mayores y Personas en Situaci\u00f3n de Discapacidad"},"content":{"rendered":"<p><strong><em>Este beneficio del Ministerio de Vivienda y Urbanismo permite cubrir entre un 90% y 95% del valor del arriendo a las personas mayores de 60 a\u00f1os y personas en situaci\u00f3n de discapacidad mayores de 18 a\u00f1os que no tengan soluci\u00f3n habitacional definitiva, que est\u00e1n dentro del 70% del Registro Social de Hogares (RSH). \u00a0<\/em><\/strong><\/p>\n<p>Hasta el pr\u00f3ximo jueves 31 de agosto de forma presencial, o en l\u00ednea, est\u00e1 abierta la postulaci\u00f3n al Programa para Arriendo de Vivienda Llamado Especial Personas Mayores y Personas con Discapacidad, m\u00e1s conocido como Subsidio de Arriendo Especial.<\/p>\n<p>Un beneficio que permite a los adultos mayores y personas en situaci\u00f3n de discapacidad cubrir entre un 90% y un 95% del valor mensual del arriendo con un valor m\u00e1ximo de 11 UF (Cerca de 396 mil pesos), con un copago de un 5 a un 10% por parte del beneficiario o beneficiaria, quien adem\u00e1s tiene que cancelar un aporte \u00fanico de 1 UF (cerca de 36 mil pesos) para financiar gastos operacionales de la formalizaci\u00f3n del contrato de arriendo.<\/p>\n<p>Por ejemplo, para un arriendo de $200 mil pesos, el subsidio cubre entre $180 mil y $190 mil pesos, debiendo el beneficiario pagar entre $10 mil y $20 mil pesos mensualmente.<\/p>\n<p>Caracter\u00edsticas que fueron destacadas por el Seremi de Vivienda, Jos\u00e9 Manuel Peralta, destacando que es una oportunidad importante para la comunidad entendiendo que este subsidio \u201cen particular tiene varias significancias, uno que son para mayores de 60 a\u00f1os, dos para personas con alguna discapacidad, tres no se requiere ahorro para postular y cuatro una persona que en el tiempo pasado tuvo alguna ayuda del estado en vivienda y por alg\u00fan motivo vendi\u00f3 su casa, hoy d\u00eda puede postular a un subsidio de arriendo. Lo significativo es lo alto del subsidio, uno puede arrendar una vivienda hasta 396 mil pesos y el subsidio cubre entre el 90 y el 95%, es decir una familia no paga m\u00e1s de 40 mil pesos o la mitad de ese valor durante ocho a\u00f1os, entonces es una alternativa subsidiaria hasta llegar a una soluci\u00f3n definitiva\u201d.<\/p>\n<p>Para postular hay varios requisitos, siendo uno de los principales acreditar un ingreso m\u00ednimo de 5UF (cerca de 180 mil pesos) que equivale a la pensi\u00f3n asistencial vigente, que sirve como base para acreditar ingresos y c\u00e1lculo del copago. Adem\u00e1s, no requiere contar con ahorro m\u00ednimo y desde este 2023, se otorgar\u00e1 puntaje adicional para quienes sean o tengan en su n\u00facleo familiar la calidad inscrita en el Registro Social de Hogares de \u201cpersona cuidadora\u201d.<\/p>\n<p>Cabe recordar que para este subsidio de arriendo especial se podr\u00e1 postular de manera online, en www.minvu.cl (con clave \u00fanica) o bien de forma presencial, tal como lo se\u00f1ala el director regional de Serviu, \u00c1ngelo Monta\u00f1o, quien invit\u00f3 a los interesados a ser al proceso. \u201cPara este llamado especial, tenemos hasta el 31 de agosto para poder postular a este programa de arriendo de Vivienda, para eso pueden hacerlo de forma presencial en nuestras oficinas ubicadas en La Serena en Almagro 372, en Ovalle en los edificios p\u00fablicos frente a la plaza o en Illapel en las oficinas ubicadas frente a la plaza de armas. Adem\u00e1s pueden hacerlo a trav\u00e9s de la p\u00e1gina web <a href=\"http:\/\/www.minvu.cl\">www.minvu.cl<\/a> o tambi\u00e9n contactarse para consultas al WhatsApp +56956493946, lo importante recalcar que las familias tienen que realizar la postulaci\u00f3n antes del 31 de agosto en las formas u plataformas indicadas\u201d, cerr\u00f3 el Director.<\/p>\n","protected":false},"excerpt":{"rendered":"<p>Este beneficio del Ministerio de Vivienda y Urbanismo permite cubrir entre un 90% y 95% del valor del arriendo a las personas mayores de 60 a\u00f1os y personas en situaci\u00f3n de discapacidad mayores de 18 a\u00f1os que no tengan soluci\u00f3n habitacional definitiva, que est\u00e1n dentro del 70% del Registro Social de Hogares (RSH). \u00a0 Hasta [&hellip;]<\/p>\n","protected":false},"author":3,"featured_media":0,"comment_status":"open","ping_status":"open","sticky":false,"template":"","format":"standard","meta":{"_acf_changed":false,"footnotes":""},"categories":[1],"tags":[1997,4041,3671],"acf":[],"aioseo_notices":[],"_links":{"self":[{"href":"https:\/\/www.andacolloconectado.cl\/index.php\/wp-json\/wp\/v2\/posts\/14123"}],"collection":[{"href":"https:\/\/www.andacolloconectado.cl\/index.php\/wp-json\/wp\/v2\/posts"}],"about":[{"href":"https:\/\/www.andacolloconectado.cl\/index.php\/wp-json\/wp\/v2\/types\/post"}],"author":[{"embeddable":true,"href":"https:\/\/www.andacolloconectado.cl\/index.php\/wp-json\/wp\/v2\/users\/3"}],"replies":[{"embeddable":true,"href":"https:\/\/www.andacolloconectado.cl\/index.php\/wp-json\/wp\/v2\/comments?post=14123"}],"version-history":[{"count":1,"href":"https:\/\/www.andacolloconectado.cl\/index.php\/wp-json\/wp\/v2\/posts\/14123\/revisions"}],"predecessor-version":[{"id":14125,"href":"https:\/\/www.andacolloconectado.cl\/index.php\/wp-json\/wp\/v2\/posts\/14123\/revisions\/14125"}],"wp:attachment":[{"href":"https:\/\/www.andacolloconectado.cl\/index.php\/wp-json\/wp\/v2\/media?parent=14123"}],"wp:term":[{"taxonomy":"category","embeddable":true,"href":"https:\/\/www.andacolloconectado.cl\/index.php\/wp-json\/wp\/v2\/categories?post=14123"},{"taxonomy":"post_tag","embeddable":true,"href":"https:\/\/www.andacolloconectado.cl\/index.php\/wp-json\/wp\/v2\/tags?post=14123"}],"curies":[{"name":"wp","href":"https:\/\/api.w.org\/{rel}","templated":true}]}}