{"id":14190,"date":"2023-09-21T16:03:39","date_gmt":"2023-09-21T16:03:39","guid":{"rendered":"http:\/\/www.andacolloconectado.cl\/?p=14190"},"modified":"2023-09-21T16:03:39","modified_gmt":"2023-09-21T16:03:39","slug":"brigada-de-proteccion-de-los-cielos-de-andacollo-recibio-reconocimiento-de-fundacion-starlight","status":"publish","type":"post","link":"https:\/\/www.andacolloconectado.cl\/index.php\/brigada-de-proteccion-de-los-cielos-de-andacollo-recibio-reconocimiento-de-fundacion-starlight\/","title":{"rendered":"Brigada de Protecci\u00f3n de los Cielos de Andacollo recibi\u00f3 reconocimiento de Fundaci\u00f3n Starlight"},"content":{"rendered":"<p><em><strong>Un galard\u00f3n que reconoce el trabajo astron\u00f3mico en categor\u00edas como el astroturismo y educaci\u00f3n, entre otros. Un premio simb\u00f3lico que pretende promover y visibilizar estas acciones como ejemplo a seguir para el resto del mundo.<\/strong><\/em><\/p>\n<p>Por cuarta vez en su historia, la fundaci\u00f3n Starlight realiz\u00f3 su premiaci\u00f3n \u201cInternational Starlight Awards\u201d, con el objetivo de reconocer la labor y acciones relacionadas a los distintos \u00e1mbitos de la astronom\u00eda, un evento a escala mundial. Por eso, es tan importante este reconocimiento para la primera Brigada de Protecci\u00f3n de los Cielos, creada en Andacollo por Andrea Castillo, la que destac\u00f3 en la categor\u00eda \u201ceducaci\u00f3n y difusi\u00f3n de la astronom\u00eda\u201d, obteniendo el premio.<\/p>\n<p>Andrea Castillo, presidenta de la primera Brigada de Protecci\u00f3n de los Cielos de la regi\u00f3n de Coquimbo, explic\u00f3 que esta es \u201cuna forma de mostrarle al mundo, porque somos los \u00fanicos en Chile, que estamos protegiendo los cielos de la regi\u00f3n y, sobre todo, los de Andacollo\u201d. Adem\u00e1s, agreg\u00f3 que, \u201cpara nosotros es sumamente importante este reconocimiento, ya que viene a reforzar nuestro trabajo, el cual llevamos haciendo desde hace 9 a\u00f1os. Tambi\u00e9n estamos generando conciencia en los ni\u00f1os y hoy en d\u00eda tenemos egresados de educaci\u00f3n media, algunos estudiando astronom\u00eda, quienes siguen trabajando con nosotros como brigadistas, adem\u00e1s de poder acompa\u00f1arnos en cada una de las actividades\u201d.<\/p>\n<p>Cabe destacar que la iniciativa astron\u00f3mica, pionera en la regi\u00f3n y nacida en Andacollo, ya se est\u00e1 diversificando, esto porque hay una segunda brigada en La Higuera, y ya hay conversaciones con la escuela de Car\u00e9n, R\u00edo Hurtado y Vicu\u00f1a. La idea es continuar este trabajo, seguir difundiendo la protecci\u00f3n de los cielos y compartir con la comunidad el resguardo de este patrimonio astron\u00f3mico.<\/p>\n","protected":false},"excerpt":{"rendered":"<p>Un galard\u00f3n que reconoce el trabajo astron\u00f3mico en categor\u00edas como el astroturismo y educaci\u00f3n, entre otros. Un premio simb\u00f3lico que pretende promover y visibilizar estas acciones como ejemplo a seguir para el resto del mundo. Por cuarta vez en su historia, la fundaci\u00f3n Starlight realiz\u00f3 su premiaci\u00f3n \u201cInternational Starlight Awards\u201d, con el objetivo de reconocer [&hellip;]<\/p>\n","protected":false},"author":3,"featured_media":0,"comment_status":"open","ping_status":"open","sticky":false,"template":"","format":"standard","meta":{"_acf_changed":false,"footnotes":""},"categories":[1],"tags":[2132,4064],"acf":[],"aioseo_notices":[],"_links":{"self":[{"href":"https:\/\/www.andacolloconectado.cl\/index.php\/wp-json\/wp\/v2\/posts\/14190"}],"collection":[{"href":"https:\/\/www.andacolloconectado.cl\/index.php\/wp-json\/wp\/v2\/posts"}],"about":[{"href":"https:\/\/www.andacolloconectado.cl\/index.php\/wp-json\/wp\/v2\/types\/post"}],"author":[{"embeddable":true,"href":"https:\/\/www.andacolloconectado.cl\/index.php\/wp-json\/wp\/v2\/users\/3"}],"replies":[{"embeddable":true,"href":"https:\/\/www.andacolloconectado.cl\/index.php\/wp-json\/wp\/v2\/comments?post=14190"}],"version-history":[{"count":1,"href":"https:\/\/www.andacolloconectado.cl\/index.php\/wp-json\/wp\/v2\/posts\/14190\/revisions"}],"predecessor-version":[{"id":14192,"href":"https:\/\/www.andacolloconectado.cl\/index.php\/wp-json\/wp\/v2\/posts\/14190\/revisions\/14192"}],"wp:attachment":[{"href":"https:\/\/www.andacolloconectado.cl\/index.php\/wp-json\/wp\/v2\/media?parent=14190"}],"wp:term":[{"taxonomy":"category","embeddable":true,"href":"https:\/\/www.andacolloconectado.cl\/index.php\/wp-json\/wp\/v2\/categories?post=14190"},{"taxonomy":"post_tag","embeddable":true,"href":"https:\/\/www.andacolloconectado.cl\/index.php\/wp-json\/wp\/v2\/tags?post=14190"}],"curies":[{"name":"wp","href":"https:\/\/api.w.org\/{rel}","templated":true}]}}