{"id":14280,"date":"2023-10-23T17:43:39","date_gmt":"2023-10-23T17:43:39","guid":{"rendered":"http:\/\/www.andacolloconectado.cl\/?p=14280"},"modified":"2023-10-23T17:43:39","modified_gmt":"2023-10-23T17:43:39","slug":"agrupacion-qullumarka-realizo-con-gran-exito-su-gala-artistica-cultural","status":"publish","type":"post","link":"https:\/\/www.andacolloconectado.cl\/index.php\/agrupacion-qullumarka-realizo-con-gran-exito-su-gala-artistica-cultural\/","title":{"rendered":"Agrupaci\u00f3n Qullumarka realiz\u00f3 con gran \u00e9xito su Gala Art\u00edstica Cultural"},"content":{"rendered":"<p><strong><em>La presentaci\u00f3n de danza se desarroll\u00f3 en el gimnasio techado municipal de Andacollo, y convoc\u00f3 a otras agrupaciones art\u00edsticas de la regi\u00f3n de Coquimbo.<\/em><\/strong><\/p>\n<p>La cultura y el arte siguen reuniendo a la comunidad y motivando a las diversas agrupaciones locales a generar espacios para mostrar sus trabajos y fomentar el valor de este tipo de actividades. Por eso, la agrupaci\u00f3n Qullumarka present\u00f3 este viernes 20 de octubre, su gala anual, donde presentaron su danza que rescata, principalmente, la cultura altipl\u00e1nica, como la saya y el caporal.<\/p>\n<p>En la ocasi\u00f3n, estuvieron invitados la agrupaci\u00f3n V\u00edctor Jara de La Serena, Estrellas del Norte de Coquimbo, el Club de Huasos de Andacollo y la Escuela de Talentos de Andacollo. Juan Sald\u00edvar, uno de los monitores de Qullumarka, expres\u00f3 que, \u201cla gala fue todo un \u00e9xito, fue mucho p\u00fablico y eso nos dej\u00f3 contentos. Presentamos nuestros nuevos trajes confeccionados en Bolivia, porque queremos tener todo original. Tambi\u00e9n quiero agradecer el apoyo de los empresarios locales, representantes de la gobernaci\u00f3n, y a todos quienes estuvieron con nosotros en este evento\u201d.<\/p>\n<p>La entrada a la gala tuvo un m\u00f3dico valor de $1.000 pesos, ya que la agrupaci\u00f3n se encuentra juntando fondos para realizar un viaje a Arica, espec\u00edficamente al carnaval, para aprender y perfeccionarse m\u00e1s sobre la danza, desde una mirada m\u00e1s profunda e integrativa.<\/p>\n<p>Por su parte, el alcalde Gerald Cerda, tambi\u00e9n se hizo presente en la jornada, y se\u00f1al\u00f3 que, \u201cqued\u00e9 absolutamente sorprendido del profesionalismo que tiene cada uno de los integrantes de la agrupaci\u00f3n Qullumarka, se nota la gesti\u00f3n y coordinaci\u00f3n que hicieron para este evento con las otras agrupaciones art\u00edsticas. Agradezco que integren a todas las edades en una danza que rescata las ra\u00edces y cultura del norte grande de nuestro pa\u00eds y de otras partes del territorio\u201d.<\/p>\n<p>Una tarde que estuvo marcada por la danza y donde la comunidad pudo disfrutar del trabajo de calidad que realizan como agrupaci\u00f3n. Adem\u00e1s, durante el evento hubo una feria de emprendedores, quienes tuvieron la oportunidad de vender sus productos al p\u00fablico y compartir un grato momento en conjunto.<\/p>\n","protected":false},"excerpt":{"rendered":"<p>La presentaci\u00f3n de danza se desarroll\u00f3 en el gimnasio techado municipal de Andacollo, y convoc\u00f3 a otras agrupaciones art\u00edsticas de la regi\u00f3n de Coquimbo. La cultura y el arte siguen reuniendo a la comunidad y motivando a las diversas agrupaciones locales a generar espacios para mostrar sus trabajos y fomentar el valor de este tipo [&hellip;]<\/p>\n","protected":false},"author":3,"featured_media":0,"comment_status":"open","ping_status":"open","sticky":false,"template":"","format":"standard","meta":{"_acf_changed":false,"footnotes":""},"categories":[1],"tags":[3830,4092],"acf":[],"aioseo_notices":[],"_links":{"self":[{"href":"https:\/\/www.andacolloconectado.cl\/index.php\/wp-json\/wp\/v2\/posts\/14280"}],"collection":[{"href":"https:\/\/www.andacolloconectado.cl\/index.php\/wp-json\/wp\/v2\/posts"}],"about":[{"href":"https:\/\/www.andacolloconectado.cl\/index.php\/wp-json\/wp\/v2\/types\/post"}],"author":[{"embeddable":true,"href":"https:\/\/www.andacolloconectado.cl\/index.php\/wp-json\/wp\/v2\/users\/3"}],"replies":[{"embeddable":true,"href":"https:\/\/www.andacolloconectado.cl\/index.php\/wp-json\/wp\/v2\/comments?post=14280"}],"version-history":[{"count":1,"href":"https:\/\/www.andacolloconectado.cl\/index.php\/wp-json\/wp\/v2\/posts\/14280\/revisions"}],"predecessor-version":[{"id":14282,"href":"https:\/\/www.andacolloconectado.cl\/index.php\/wp-json\/wp\/v2\/posts\/14280\/revisions\/14282"}],"wp:attachment":[{"href":"https:\/\/www.andacolloconectado.cl\/index.php\/wp-json\/wp\/v2\/media?parent=14280"}],"wp:term":[{"taxonomy":"category","embeddable":true,"href":"https:\/\/www.andacolloconectado.cl\/index.php\/wp-json\/wp\/v2\/categories?post=14280"},{"taxonomy":"post_tag","embeddable":true,"href":"https:\/\/www.andacolloconectado.cl\/index.php\/wp-json\/wp\/v2\/tags?post=14280"}],"curies":[{"name":"wp","href":"https:\/\/api.w.org\/{rel}","templated":true}]}}