{"id":14293,"date":"2023-10-25T15:24:36","date_gmt":"2023-10-25T15:24:36","guid":{"rendered":"http:\/\/www.andacolloconectado.cl\/?p=14293"},"modified":"2023-10-25T15:24:36","modified_gmt":"2023-10-25T15:24:36","slug":"reciclaje-y-solidaridad-el-doble-desafio-de-bilz-y-pap-teleton-y-ministerio-del-medio-ambiente-para-darle-una-nueva-vida-a-las-botellas-plasticas","status":"publish","type":"post","link":"https:\/\/www.andacolloconectado.cl\/index.php\/reciclaje-y-solidaridad-el-doble-desafio-de-bilz-y-pap-teleton-y-ministerio-del-medio-ambiente-para-darle-una-nueva-vida-a-las-botellas-plasticas\/","title":{"rendered":"RECICLAJE Y SOLIDARIDAD: EL DOBLE DESAF\u00cdO DE BILZ Y PAP, TELET\u00d3N Y MINISTERIO DEL MEDIO AMBIENTE PARA DARLE UNA NUEVA VIDA A LAS BOTELLAS PL\u00c1STICAS"},"content":{"rendered":"<p><strong><em>La tarea \u201cFamilias Reciclando en #ModoBilzYPap\u201d cuenta con m\u00e1s de 500 puntos de reciclaje a lo largo del pa\u00eds, 32 de ellos se encuentran en la regi\u00f3n de Coquimbo.<\/em><\/strong><\/p>\n<p><strong><em>Desde que se inici\u00f3 la iniciativa en 2015 se han logrado valorizar cerca de 400 toneladas de botellas pl\u00e1sticas.<\/em><\/strong><\/p>\n<p>Las botellas pl\u00e1sticas pueden tener nuevas vidas. Ese es el mensaje de la tarea que impulsan, una vez m\u00e1s, Bilz y Pap, Telet\u00f3n y el Ministerio del Medio Ambiente, junto al apoyo de 130 municipalidades -a lo largo de todo Chile- para incentivar el reciclaje y el compromiso con la nueva jornada de la Telet\u00f3n este 10 y 11 de noviembre.<\/p>\n<p>Los ni\u00f1os, al igual que en a\u00f1os anteriores, son el principal motor de la cruzada \u201cFamilias Reciclando en #ModoBilzYPap\u201d, ya que, a trav\u00e9s de ellos, miles de familias se entusiasman a sumarse a esta causa, recolectando y llevando botellas PET a los m\u00e1s de 500 puntos limpios habilitados desde Arica a Magallanes.<\/p>\n<p>Leonardo Gros, Seremi del Medio Ambiente de la regi\u00f3n de Coquimbo expres\u00f3 que \u201ceste a\u00f1o tenemos un gran desaf\u00edo considerando que en la campa\u00f1a telet\u00f3n del 2022 nuestra regi\u00f3n de Coquimbo recicl\u00f3 la mayor cantidad de botellas pl\u00e1sticas de todo el pa\u00eds, superando a regiones con mayor cantidad de habitantes. Esperamos que la comunidad responda a este llamado nacional en pro del cuidado de nuestros ni\u00f1os, ni\u00f1as y j\u00f3venes\u00bb.<\/p>\n<p>El lanzamiento de la tarea se realiz\u00f3 de manera conjunta en todos los institutos Telet\u00f3n y en el Parque Araucano en la regi\u00f3n Metropolitana.\u00a0 En la regi\u00f3n de Coquimbo, que cuenta con 32 puntos de reciclaje, se efectu\u00f3 con la participaci\u00f3n de Juan Luis Novoa, encargado de Econom\u00eda de Circular de la SEREMI del Medio Ambiente de la Regi\u00f3n de Coquimbo; Zoia Pedrero, directora Instituto Telet\u00f3n Coquimbo y H\u00e9ctor Guti\u00e9rrez, subgerente de Operaciones CCU.<\/p>\n<p>\u201cEs nuestro octavo a\u00f1o realizando esta tarea de reciclaje para apoyar a la Telet\u00f3n y ya hemos recolectado cerca de 400 toneladas de botellas pl\u00e1sticas, gracias al compromiso de todos. Nuevamente los invitamos a participar en nuestro desaf\u00edo &#8216;Familias Reciclando en modo Bilz y Pap&#8217;, sobre todo a las nuevas generaciones, ya que son quienes incentivan a sus familias a juntar y llevar las botellas pl\u00e1sticas a los puntos de reciclaje y as\u00ed poderles dar una nueva vida\u201d, coment\u00f3 Valentina Del Solar, subgerente de Bilz y Pap.<\/p>\n<p>En tanto, Benjam\u00edn D\u00edaz, director ejecutivo de Fundaci\u00f3n Telet\u00f3n, destac\u00f3 que \u00abesta actividad es muy importante, porque se visibiliza la proximidad de la campa\u00f1a, a poco de iniciar nuestra cuenta regresiva. Estamos muy contentos de realizar esta tarea nuevamente con Bilz y Pap, nos permite motivar a las familias y especialmente a los ni\u00f1os, con lo que es Telet\u00f3n y que nuevas generaciones conozcan la importancia de su labor en rehabilitaci\u00f3n e inclusi\u00f3n. Adem\u00e1s, nos vincula con otra causa noble, como es la del reciclaje y el cuidado del medioambiente\u00bb.<\/p>\n<p>\u00abQueremos que todas las familias del pa\u00eds se motiven a participar este 10 y 11 de noviembre en esta Telet\u00f3n tan especial, en que cumplimos 45 a\u00f1os y queremos agradecer a Chile. Esperamos que todos se sumen y hagan un aporte, no importa la cantidad, yendo al banco o a trav\u00e9s de Internet, para que Telet\u00f3n contin\u00fae entregando atenciones de calidad a los m\u00e1s de 32.000 usuarios y familias que requieren rehabilitaci\u00f3n\u00bb, agreg\u00f3.<\/p>\n<p>La tarea de reciclaje, que estar\u00e1 activa desde el 24 de octubre al 11 de noviembre, cuenta con m\u00e1s 500 puntos de acopio a lo largo de todo Chile, donde las personas pueden ir a dejar todas las botellas pl\u00e1sticas PET que deseen, sin importar su marca y formato. La informaci\u00f3n sobre los puntos de reciclaje m\u00e1s cercanos ya se encuentra disponible en <a href=\"http:\/\/www.bilzypap.cl\/\">www.bilzypap.cl<\/a>, y en las cuentas de Facebook e Instagram @BilzyPapcl.<\/p>\n","protected":false},"excerpt":{"rendered":"<p>La tarea \u201cFamilias Reciclando en #ModoBilzYPap\u201d cuenta con m\u00e1s de 500 puntos de reciclaje a lo largo del pa\u00eds, 32 de ellos se encuentran en la regi\u00f3n de Coquimbo. Desde que se inici\u00f3 la iniciativa en 2015 se han logrado valorizar cerca de 400 toneladas de botellas pl\u00e1sticas. Las botellas pl\u00e1sticas pueden tener nuevas vidas. [&hellip;]<\/p>\n","protected":false},"author":3,"featured_media":0,"comment_status":"open","ping_status":"open","sticky":false,"template":"","format":"standard","meta":{"_acf_changed":false,"footnotes":""},"categories":[1],"tags":[4098,4099,623,20,164],"acf":[],"aioseo_notices":[],"_links":{"self":[{"href":"https:\/\/www.andacolloconectado.cl\/index.php\/wp-json\/wp\/v2\/posts\/14293"}],"collection":[{"href":"https:\/\/www.andacolloconectado.cl\/index.php\/wp-json\/wp\/v2\/posts"}],"about":[{"href":"https:\/\/www.andacolloconectado.cl\/index.php\/wp-json\/wp\/v2\/types\/post"}],"author":[{"embeddable":true,"href":"https:\/\/www.andacolloconectado.cl\/index.php\/wp-json\/wp\/v2\/users\/3"}],"replies":[{"embeddable":true,"href":"https:\/\/www.andacolloconectado.cl\/index.php\/wp-json\/wp\/v2\/comments?post=14293"}],"version-history":[{"count":1,"href":"https:\/\/www.andacolloconectado.cl\/index.php\/wp-json\/wp\/v2\/posts\/14293\/revisions"}],"predecessor-version":[{"id":14295,"href":"https:\/\/www.andacolloconectado.cl\/index.php\/wp-json\/wp\/v2\/posts\/14293\/revisions\/14295"}],"wp:attachment":[{"href":"https:\/\/www.andacolloconectado.cl\/index.php\/wp-json\/wp\/v2\/media?parent=14293"}],"wp:term":[{"taxonomy":"category","embeddable":true,"href":"https:\/\/www.andacolloconectado.cl\/index.php\/wp-json\/wp\/v2\/categories?post=14293"},{"taxonomy":"post_tag","embeddable":true,"href":"https:\/\/www.andacolloconectado.cl\/index.php\/wp-json\/wp\/v2\/tags?post=14293"}],"curies":[{"name":"wp","href":"https:\/\/api.w.org\/{rel}","templated":true}]}}