{"id":14499,"date":"2023-12-28T14:13:10","date_gmt":"2023-12-28T14:13:10","guid":{"rendered":"http:\/\/www.andacolloconectado.cl\/?p=14499"},"modified":"2023-12-28T14:13:10","modified_gmt":"2023-12-28T14:13:10","slug":"xiii-concierto-bajo-las-estrellas-se-realizara-el-29-de-diciembre-en-table-lume-2","status":"publish","type":"post","link":"https:\/\/www.andacolloconectado.cl\/index.php\/xiii-concierto-bajo-las-estrellas-se-realizara-el-29-de-diciembre-en-table-lume-2\/","title":{"rendered":"XIII Concierto Bajo Las Estrellas, se realizar\u00e1 el 29 de diciembre en Table Lume"},"content":{"rendered":"<p>Con la participaci\u00f3n art\u00edstica del grupo DMens, grupo Lican Anta y los grupos Andacollinos \u201cCielo\u201d, \u201cVolutas Groove\u201d y el Trio \u201cEntre Cuerdas y otras Hierbas\u201d; se realizar\u00e1 la \u201cXIII Concierto Bajo Las Estrellas\u201d como inicio del Octavo Programa Cultural que ejecuta la Uni\u00f3n Comunal de la Cultura.<\/p>\n<p>Este viernes 29 de diciembre, en el sector de Table Lume, desde las 17:00 horas con actividades para ni\u00f1@s y desde las 21.00 horas con las presentaciones musicales de grupo DMens, grupo Lican Anta y los grupos Andacollinos \u201cCielo\u201d, \u201cVolutas Groove\u201d y el Trio \u201cEntre Cuerdas y otras Hierbas\u201d, tendr\u00e1 a lugar el tradicional \u201cConcierto Bajo Las Estrellas\u201d en su 13 versi\u00f3n, como inicio del Octavo Programa Cultural que ejecuta la Uni\u00f3n Comunal de la Cultura.<\/p>\n<p>La 13 versi\u00f3n del Concierto Bajo las Estrellas, permitir\u00e1 a los Andacollinos, amantes de la m\u00fasica de ra\u00edz, andina y rockera; encontrarse y disfrutar de destacados artistas andacollinos y regionales, quienes estar\u00e1n brindando su arte, desde las 21:00 horas, del viernes 29 de diciembre, en el m\u00edtico sector de Table Lume, escenario ideal para disfrutar de buena m\u00fasica, bajo las estrellas.<\/p>\n<p><strong>El XIII Concierto Bajo Las Estrellas<\/strong>, es una realizaci\u00f3n integral del m\u00fasico y gestor cultural, Rony Carmona y se ejecuta en el Marco del Octavo Programa Cultural que ejecuta la Uni\u00f3n Comunal de la Cultura, auspiciado por FM Voces 107.1, financiado por la mesa CAT y aportes voluntarios de emprendedores andacollinos.<\/p>\n<p>Por su trayectoria, la iniciativa es parte del patrimonio cultural andacollino, donde disfrutar de forma gratuita, presentaciones de artistas emergentes, m\u00fasica andina y de ra\u00edz, gastronom\u00eda local, en un entorno, que pone el cielo y los bellos paisajes de nuestra ruralidad y la naturaleza, como escenario principal.<\/p>\n<p>Este concierto re\u00fane a los vecinos alrededor de la m\u00fasica y los cielos estrellados de nuestra comuna en busca de reencontrarse con los estilos y expresiones art\u00edsticas, de ra\u00edz y esta parte del continente; fortaleciendo nuestra identidad local, regional y la cultura Andina en Am\u00e9rica Latina, sin las influencias globalizadas de otros g\u00e9neros.<\/p>\n<p>El <strong>\u201cOctavo Programa Integral de Desarrollo Cultural\u201d<\/strong> para Andacollo 2024, responde a la sistematizaci\u00f3n de diferentes propuestas culturales, que recoge sus perspectivas, necesidades, diversidades y experiencias; desde un programa integral, coherente y con objetivos comunes, d\u00e1ndole valor y reconocimiento, a nuestra identidad, valores y patrimonio cultural.<\/p>\n<p>El programa se ha realizado de forma asociativa, durante los \u00faltimos ocho a\u00f1os, porque unifica la demanda colectiva, propone actividades muy valoradas por la comunidad, permite indicadores reales y genera un verdadero impacto en el mundo de las culturas, las artes y el patrimonio; como motor del desarrollo local.<\/p>\n<p>Se contemplan, un conjunto de 14 iniciativas, agrupadas en cuatro \u00e1reas prioritarias, para el desarrollo de las culturas, las artes y el patrimonio de Andacollo: <strong><em>Acceso a la cultura; Formaci\u00f3n cultural; Creaci\u00f3n art\u00edstica y Patrimonio cultural; Fortalecimiento de las organizaciones y del capital cultural.<\/em><\/strong><\/p>\n<ul>\n<li><strong><em>XIII Versi\u00f3n de la \u201cTocata Bajo las Estrellas\u201d<\/em><\/strong><\/li>\n<li><strong><em>\u201cVI Cumbre Ranchera\u201d <\/em><\/strong><\/li>\n<li><strong><em>Festejos<\/em><\/strong><strong> 25 A\u00f1os de la Gran Sonora Bandacollo <\/strong><\/li>\n<li><strong>II Cumbre de M\u00fasica Popular<\/strong><\/li>\n<li><strong>IV Jornadas de Conciertos Cl\u00e1sicos<\/strong><\/li>\n<li><strong><em>Taller de Introducci\u00f3n al Mosaico<\/em><\/strong><\/li>\n<li><strong><em>III Encuentro de Divulgaci\u00f3n Astron\u00f3mica<\/em><\/strong><\/li>\n<li><strong><em>Pasant\u00eda Cultural de los Integrantes de <\/em><\/strong><strong><em>Agrupaci\u00f3n Qullu Marka<\/em><\/strong><\/li>\n<li><strong><em>Apoyo a J\u00f3venes Artistas para potenciar sus creaciones<\/em><\/strong><\/li>\n<li><strong><em>Presentaciones y lanzamiento de Alexa en Ciudad de Santiago<\/em><\/strong><\/li>\n<li><strong><em>Cantor\u00edas de Madres y Mujeres \u00abCanto de Mujeres\u00bb<\/em><\/strong><\/li>\n<li><strong><em>Grabaci\u00f3n EP \u00abHomenaje a Eduardo Rojas\u00bb<\/em><\/strong><\/li>\n<\/ul>\n<p>Por otra parte, el Programa Cultural busca, satisfacer las demandas ciudadanas, que reclaman una mayor democracia cultural; tener espacios de esparcimiento seguro, crear instancias que fortalezcan la cohesi\u00f3n e identidad local, actividades de sano reencuentro mediante la construcci\u00f3n colectiva, \u201cdesde y con\u201d el mundo de la cultura y los vecinos de Andacollo.<\/p>\n","protected":false},"excerpt":{"rendered":"<p>Con la participaci\u00f3n art\u00edstica del grupo DMens, grupo Lican Anta y los grupos Andacollinos \u201cCielo\u201d, \u201cVolutas Groove\u201d y el Trio \u201cEntre Cuerdas y otras Hierbas\u201d; se realizar\u00e1 la \u201cXIII Concierto Bajo Las Estrellas\u201d como inicio del Octavo Programa Cultural que ejecuta la Uni\u00f3n Comunal de la Cultura. Este viernes 29 de diciembre, en el sector [&hellip;]<\/p>\n","protected":false},"author":3,"featured_media":0,"comment_status":"open","ping_status":"open","sticky":false,"template":"","format":"standard","meta":{"_acf_changed":false,"footnotes":""},"categories":[1],"tags":[4153,4151],"acf":[],"aioseo_notices":[],"_links":{"self":[{"href":"https:\/\/www.andacolloconectado.cl\/index.php\/wp-json\/wp\/v2\/posts\/14499"}],"collection":[{"href":"https:\/\/www.andacolloconectado.cl\/index.php\/wp-json\/wp\/v2\/posts"}],"about":[{"href":"https:\/\/www.andacolloconectado.cl\/index.php\/wp-json\/wp\/v2\/types\/post"}],"author":[{"embeddable":true,"href":"https:\/\/www.andacolloconectado.cl\/index.php\/wp-json\/wp\/v2\/users\/3"}],"replies":[{"embeddable":true,"href":"https:\/\/www.andacolloconectado.cl\/index.php\/wp-json\/wp\/v2\/comments?post=14499"}],"version-history":[{"count":1,"href":"https:\/\/www.andacolloconectado.cl\/index.php\/wp-json\/wp\/v2\/posts\/14499\/revisions"}],"predecessor-version":[{"id":14501,"href":"https:\/\/www.andacolloconectado.cl\/index.php\/wp-json\/wp\/v2\/posts\/14499\/revisions\/14501"}],"wp:attachment":[{"href":"https:\/\/www.andacolloconectado.cl\/index.php\/wp-json\/wp\/v2\/media?parent=14499"}],"wp:term":[{"taxonomy":"category","embeddable":true,"href":"https:\/\/www.andacolloconectado.cl\/index.php\/wp-json\/wp\/v2\/categories?post=14499"},{"taxonomy":"post_tag","embeddable":true,"href":"https:\/\/www.andacolloconectado.cl\/index.php\/wp-json\/wp\/v2\/tags?post=14499"}],"curies":[{"name":"wp","href":"https:\/\/api.w.org\/{rel}","templated":true}]}}