{"id":14553,"date":"2024-01-18T18:56:49","date_gmt":"2024-01-18T18:56:49","guid":{"rendered":"http:\/\/www.andacolloconectado.cl\/?p=14553"},"modified":"2024-01-18T18:56:49","modified_gmt":"2024-01-18T18:56:49","slug":"campana-cuidarse-siempre-esta-de-moda-se-toma-los-meses-de-verano-en-andacollo","status":"publish","type":"post","link":"https:\/\/www.andacolloconectado.cl\/index.php\/campana-cuidarse-siempre-esta-de-moda-se-toma-los-meses-de-verano-en-andacollo\/","title":{"rendered":"Campa\u00f1a \u201cCuidarse siempre est\u00e1 de moda\u201d se toma los meses de verano en Andacollo"},"content":{"rendered":"<p><em><strong>Una iniciativa promovida por Senda Previene, con el objetivo de promover conductas de autocuidado en la poblaci\u00f3n joven de la comuna.<\/strong><\/em><\/p>\n<p>Actividades de verano como trekking, mateadas, deporte al aire libre, tardes de cine al aire libre, y actividades circenses, son algunas de las instancias que se est\u00e1n desarrollando durante esta temporada estival en Andacollo. La campa\u00f1a \u201cCuidarse siempre est\u00e1 de moda\u201d, invita a cuidarse y a fortalecer las habilidades parentales, considerando los riesgos del consumo de alcohol y drogas en este grupo etario.<\/p>\n<p>En este sentido, Mauricio Segovia, encargado comunal del programa Senda Previene de Andacollo, explic\u00f3 que, \u201cadem\u00e1s de promover la vida saludable en las ni\u00f1as, ni\u00f1os y adolescentes, la idea es fomentar el uso adecuado del tiempo libre y poder reforzar en los padres y madres el cuidado, a trav\u00e9s de elementos que inciden en un menor riesgo de consumo de alcohol, como, por ejemplo, tener tiempo con los hijos y espacios de conversaci\u00f3n\u201d.<\/p>\n<p>La invitaci\u00f3n est\u00e1 abierta para todas las familias andacollinas que deseen participar de los entretenidos panoramas que impulsa la campa\u00f1a. En este sentido, los cines familiares se est\u00e1n desarrollando todos los mi\u00e9rcoles de enero y febrero a partir de las 18:15 horas. Adem\u00e1s, se cuenta con cine al aire libre, gracias a la agrupaci\u00f3n Organizarte de La Serena, quienes a trav\u00e9s del departamento de cultura y el programa Senda Previene, han logrado hacerse presente en la comuna para estas tardes de diversi\u00f3n veraniegas.<\/p>\n<p>Cabe destacar que, Andacollo, sigue promoviendo la vida saludable y el autocuidado, generando espacios de distenci\u00f3n, distracci\u00f3n y entretenimiento para todas las edades, y considerando m\u00faltiples panoramas organizados por el municipio. Para conocer m\u00e1s detalles, pueden visitar <a href=\"http:\/\/www.andacollochile.cl\">www.andacollochile.cl<\/a> y tambi\u00e9n las redes sociales de Andacollo Conectado.<\/p>\n","protected":false},"excerpt":{"rendered":"<p>Una iniciativa promovida por Senda Previene, con el objetivo de promover conductas de autocuidado en la poblaci\u00f3n joven de la comuna. Actividades de verano como trekking, mateadas, deporte al aire libre, tardes de cine al aire libre, y actividades circenses, son algunas de las instancias que se est\u00e1n desarrollando durante esta temporada estival en Andacollo. [&hellip;]<\/p>\n","protected":false},"author":3,"featured_media":0,"comment_status":"open","ping_status":"open","sticky":false,"template":"","format":"standard","meta":{"_acf_changed":false,"footnotes":""},"categories":[1],"tags":[4174,48],"acf":[],"aioseo_notices":[],"_links":{"self":[{"href":"https:\/\/www.andacolloconectado.cl\/index.php\/wp-json\/wp\/v2\/posts\/14553"}],"collection":[{"href":"https:\/\/www.andacolloconectado.cl\/index.php\/wp-json\/wp\/v2\/posts"}],"about":[{"href":"https:\/\/www.andacolloconectado.cl\/index.php\/wp-json\/wp\/v2\/types\/post"}],"author":[{"embeddable":true,"href":"https:\/\/www.andacolloconectado.cl\/index.php\/wp-json\/wp\/v2\/users\/3"}],"replies":[{"embeddable":true,"href":"https:\/\/www.andacolloconectado.cl\/index.php\/wp-json\/wp\/v2\/comments?post=14553"}],"version-history":[{"count":1,"href":"https:\/\/www.andacolloconectado.cl\/index.php\/wp-json\/wp\/v2\/posts\/14553\/revisions"}],"predecessor-version":[{"id":14555,"href":"https:\/\/www.andacolloconectado.cl\/index.php\/wp-json\/wp\/v2\/posts\/14553\/revisions\/14555"}],"wp:attachment":[{"href":"https:\/\/www.andacolloconectado.cl\/index.php\/wp-json\/wp\/v2\/media?parent=14553"}],"wp:term":[{"taxonomy":"category","embeddable":true,"href":"https:\/\/www.andacolloconectado.cl\/index.php\/wp-json\/wp\/v2\/categories?post=14553"},{"taxonomy":"post_tag","embeddable":true,"href":"https:\/\/www.andacolloconectado.cl\/index.php\/wp-json\/wp\/v2\/tags?post=14553"}],"curies":[{"name":"wp","href":"https:\/\/api.w.org\/{rel}","templated":true}]}}