{"id":14652,"date":"2024-02-16T15:29:17","date_gmt":"2024-02-16T15:29:17","guid":{"rendered":"http:\/\/www.andacolloconectado.cl\/?p=14652"},"modified":"2024-02-16T15:29:17","modified_gmt":"2024-02-16T15:29:17","slug":"empresas-andacollinas-se-organizaron-y-llevaron-ayuda-a-sectores-rurales-de-la-v-region","status":"publish","type":"post","link":"https:\/\/www.andacolloconectado.cl\/index.php\/empresas-andacollinas-se-organizaron-y-llevaron-ayuda-a-sectores-rurales-de-la-v-region\/","title":{"rendered":"Empresas andacollinas se organizaron y llevaron ayuda a sectores rurales de la V regi\u00f3n"},"content":{"rendered":"<p><em><strong>El pasado 8 de febrero los representantes se trasladaron hasta los sectores rurales de Valpara\u00edso para entregar insumos y materiales a las personas afectadas por los incendios.<\/strong><\/em><\/p>\n<p>Una vez m\u00e1s, Andacollo sali\u00f3 en ayuda de sus compatriotas en una cat\u00e1strofe sin precedentes durante este a\u00f1o 2024 que reci\u00e9n comienza. Los incendios forestales que afectaron a la regi\u00f3n de Valpara\u00edso, fueron, sin duda, uno de los episodios m\u00e1s graves en la historia de Chile, quem\u00e1ndose miles de hect\u00e1reas, quedando familias sin casas e incluso, perdiendo la vida de sus seres queridos.<\/p>\n<p>Por eso, las empresas contratistas de Andacollo no quedaron indiferentes y decidieron colaborar con la cruzada solidaria, donde todo Chile ha puesto su granito de arena para apoyar en la remoci\u00f3n de escombros y reconstrucci\u00f3n de viviendas. En este sentido, se unieron Ferrexperto Los Pinos, Rojas y Donaire, Carrizo, GyG, Pasmar, Rentamaq y Boutique Cristi, quienes realizaron sus aportes y los llevaron hasta sectores rurales de la regi\u00f3n.<\/p>\n<p>Camila Rojas, gerente de comunidades de Ferrexperto Los Pinos Andacollo, indic\u00f3 que, \u201cen esta oportunidad quisimos estar presentes en la ayuda a los damnificados de los incendios de la regi\u00f3n de Valpara\u00edso, y nos dirigimos hacia las localidades de Las Pataguas, El Salto, La Cuchara y Camino El Caliche, sectores rurales donde no hab\u00eda llegado ayuda\u201d.<\/p>\n<p>Por su parte, las donaciones fueron muy bien recibidas por las personas afectadas, quienes agradecieron el apoyo en este momento dif\u00edcil. Por su parte, Camila Rojas, quien se traslad\u00f3 personalmente a esas zonas para llevar la ayuda en un cami\u00f3n, expres\u00f3 que, \u201cfue una experiencia dolorosa porque vimos mucha desolaci\u00f3n, el panorama era muy fuerte, pero tratamos de hacer lo mejor posible para ayudar y apoyar, porque si bien llevamos implementos y materiales, lo m\u00e1s importante es compartir con la gente y entregarle cari\u00f1o y contenci\u00f3n\u201d.<\/p>\n<p>La gerenta de comunidades de Ferrexperto Los Pinos, agradeci\u00f3 a todas las empresas andacollinas que se unieron para sacar adelante esta causa solidaria, permitiendo llevar las donaciones hacia las personas que m\u00e1s lo necesitaban. Una iniciativa que se ha repetido en otras cat\u00e1strofes que ha sufrido el pa\u00eds, y que marca la solidaridad de las personas de la comuna en este tipo de situaciones de emergencia.<\/p>\n","protected":false},"excerpt":{"rendered":"<p>El pasado 8 de febrero los representantes se trasladaron hasta los sectores rurales de Valpara\u00edso para entregar insumos y materiales a las personas afectadas por los incendios. Una vez m\u00e1s, Andacollo sali\u00f3 en ayuda de sus compatriotas en una cat\u00e1strofe sin precedentes durante este a\u00f1o 2024 que reci\u00e9n comienza. Los incendios forestales que afectaron a [&hellip;]<\/p>\n","protected":false},"author":3,"featured_media":0,"comment_status":"open","ping_status":"open","sticky":false,"template":"","format":"standard","meta":{"_acf_changed":false,"footnotes":""},"categories":[1],"tags":[4198],"acf":[],"aioseo_notices":[],"_links":{"self":[{"href":"https:\/\/www.andacolloconectado.cl\/index.php\/wp-json\/wp\/v2\/posts\/14652"}],"collection":[{"href":"https:\/\/www.andacolloconectado.cl\/index.php\/wp-json\/wp\/v2\/posts"}],"about":[{"href":"https:\/\/www.andacolloconectado.cl\/index.php\/wp-json\/wp\/v2\/types\/post"}],"author":[{"embeddable":true,"href":"https:\/\/www.andacolloconectado.cl\/index.php\/wp-json\/wp\/v2\/users\/3"}],"replies":[{"embeddable":true,"href":"https:\/\/www.andacolloconectado.cl\/index.php\/wp-json\/wp\/v2\/comments?post=14652"}],"version-history":[{"count":1,"href":"https:\/\/www.andacolloconectado.cl\/index.php\/wp-json\/wp\/v2\/posts\/14652\/revisions"}],"predecessor-version":[{"id":14654,"href":"https:\/\/www.andacolloconectado.cl\/index.php\/wp-json\/wp\/v2\/posts\/14652\/revisions\/14654"}],"wp:attachment":[{"href":"https:\/\/www.andacolloconectado.cl\/index.php\/wp-json\/wp\/v2\/media?parent=14652"}],"wp:term":[{"taxonomy":"category","embeddable":true,"href":"https:\/\/www.andacolloconectado.cl\/index.php\/wp-json\/wp\/v2\/categories?post=14652"},{"taxonomy":"post_tag","embeddable":true,"href":"https:\/\/www.andacolloconectado.cl\/index.php\/wp-json\/wp\/v2\/tags?post=14652"}],"curies":[{"name":"wp","href":"https:\/\/api.w.org\/{rel}","templated":true}]}}