{"id":14665,"date":"2024-02-21T15:41:48","date_gmt":"2024-02-21T15:41:48","guid":{"rendered":"http:\/\/www.andacolloconectado.cl\/?p=14665"},"modified":"2024-02-21T15:42:38","modified_gmt":"2024-02-21T15:42:38","slug":"artista-andacollino-con-trayectoria-en-la-musica-tulio-cuadra-vocalista-de-la-gran-bandacollo","status":"publish","type":"post","link":"https:\/\/www.andacolloconectado.cl\/index.php\/artista-andacollino-con-trayectoria-en-la-musica-tulio-cuadra-vocalista-de-la-gran-bandacollo\/","title":{"rendered":"Artista andacollino con trayectoria en la m\u00fasica: Tulio Cuadra, vocalista de la Gran Bandacollo"},"content":{"rendered":"<p><em><strong>Una vida marcada por el ritmo tropical, sus inicios en la Sonora Andacollo y sus a\u00f1os de carrera que lo han consagrado como cantante.<\/strong><\/em><\/p>\n<p>Tulio Cuadra recuerda sus inicios en la m\u00fasica con alegr\u00eda y nostalgia, fue en la Escuela N\u00b03, en aquella \u00e9poca de su adolescencia, cuando el director Francisco Guerra, conform\u00f3 e impuls\u00f3 un grupo musical, impulsando el arte en los j\u00f3venes. As\u00ed naci\u00f3 la recordada Sonora Andacollo, en la cual, Tulio, se desempe\u00f1\u00f3 como vocalista, y donde dice haber sido muy feliz en aquella \u00e9poca.<\/p>\n<p>\u201cMi carrera comenz\u00f3 alrededor de los 13 a\u00f1os, y mi experiencia en la Sonora Andacollo fue algo hermoso, porque siempre me gust\u00f3 mucho la m\u00fasica y esa oportunidad la aprovech\u00e9 al m\u00e1ximo\u201d, expres\u00f3 Tulio. El cantante cont\u00f3 que actualmente mantiene una relaci\u00f3n de amistad y cari\u00f1o con Francisco Guerra, a quien agradece constantemente porque, seg\u00fan expres\u00f3, gracias a \u00e9l se convirti\u00f3 en m\u00fasico.<\/p>\n<p>El artista andacollino, que ahora est\u00e1 radicado en la ciudad de Coquimbo, fue criado en el Barrio Norte, y para \u00e9l, \u201cAndacollo lo es todo, son mis ra\u00edces, mi identidad y soy feliz de compartir con la gente\u201d, indic\u00f3. Hace tres a\u00f1os, Tulio es vocalista de la Gran Bandacollo, una agrupaci\u00f3n musical con 25 a\u00f1os de carrera y con quienes ha participado en recitales y festivales.<\/p>\n<p>Tulio ha participado en distintos covers con otros grupos musicales, pero ahora forma parte de la Gran Bandacollo, una banda con un cargado estilo tropical, lo que a \u00e9l siempre le ha gustado y lo ha motivado. En este sentido, tuvo la oportunidad de presentarse junto al grupo en el pasado Festival La Voz de la Monta\u00f1a, donde compartieron sus \u00e9xitos musicales, se\u00f1alando que, \u201cme hace feliz reencontrarme con mi gente, es algo hermoso\u201d.<\/p>\n","protected":false},"excerpt":{"rendered":"<p>Una vida marcada por el ritmo tropical, sus inicios en la Sonora Andacollo y sus a\u00f1os de carrera que lo han consagrado como cantante. Tulio Cuadra recuerda sus inicios en la m\u00fasica con alegr\u00eda y nostalgia, fue en la Escuela N\u00b03, en aquella \u00e9poca de su adolescencia, cuando el director Francisco Guerra, conform\u00f3 e impuls\u00f3 [&hellip;]<\/p>\n","protected":false},"author":3,"featured_media":0,"comment_status":"open","ping_status":"open","sticky":false,"template":"","format":"standard","meta":{"_acf_changed":false,"footnotes":""},"categories":[1],"tags":[3832,4210],"acf":[],"aioseo_notices":[],"_links":{"self":[{"href":"https:\/\/www.andacolloconectado.cl\/index.php\/wp-json\/wp\/v2\/posts\/14665"}],"collection":[{"href":"https:\/\/www.andacolloconectado.cl\/index.php\/wp-json\/wp\/v2\/posts"}],"about":[{"href":"https:\/\/www.andacolloconectado.cl\/index.php\/wp-json\/wp\/v2\/types\/post"}],"author":[{"embeddable":true,"href":"https:\/\/www.andacolloconectado.cl\/index.php\/wp-json\/wp\/v2\/users\/3"}],"replies":[{"embeddable":true,"href":"https:\/\/www.andacolloconectado.cl\/index.php\/wp-json\/wp\/v2\/comments?post=14665"}],"version-history":[{"count":1,"href":"https:\/\/www.andacolloconectado.cl\/index.php\/wp-json\/wp\/v2\/posts\/14665\/revisions"}],"predecessor-version":[{"id":14667,"href":"https:\/\/www.andacolloconectado.cl\/index.php\/wp-json\/wp\/v2\/posts\/14665\/revisions\/14667"}],"wp:attachment":[{"href":"https:\/\/www.andacolloconectado.cl\/index.php\/wp-json\/wp\/v2\/media?parent=14665"}],"wp:term":[{"taxonomy":"category","embeddable":true,"href":"https:\/\/www.andacolloconectado.cl\/index.php\/wp-json\/wp\/v2\/categories?post=14665"},{"taxonomy":"post_tag","embeddable":true,"href":"https:\/\/www.andacolloconectado.cl\/index.php\/wp-json\/wp\/v2\/tags?post=14665"}],"curies":[{"name":"wp","href":"https:\/\/api.w.org\/{rel}","templated":true}]}}