{"id":14786,"date":"2024-03-28T11:58:00","date_gmt":"2024-03-28T11:58:00","guid":{"rendered":"http:\/\/www.andacolloconectado.cl\/?p=14786"},"modified":"2024-03-28T11:58:00","modified_gmt":"2024-03-28T11:58:00","slug":"realizan-primer-mapa-estelar-humano-conformado-por-ninos-y-ninas-de-andacollo","status":"publish","type":"post","link":"https:\/\/www.andacolloconectado.cl\/index.php\/realizan-primer-mapa-estelar-humano-conformado-por-ninos-y-ninas-de-andacollo\/","title":{"rendered":"Realizan primer mapa estelar humano conformado por ni\u00f1os y ni\u00f1as de Andacollo"},"content":{"rendered":"<p><em><strong>Una actividad creada por el Astroclub Infantil, enmarcada en la celebraci\u00f3n de los 10 a\u00f1os del D\u00eda de la Astronom\u00eda Nacional.<\/strong><\/em><\/p>\n<p>Con gran originalidad surgi\u00f3 la idea de este proyecto por parte de la monitora del taller de astronom\u00eda del Colegio Parroquial y del Astroclub Infantil, Carmen Gloria Mart\u00ednez, quien junto a ni\u00f1os y ni\u00f1as de la comuna llev\u00f3 a cabo el primer mapa estelar humano, formando distintas constelaciones que se pueden observar desde el hemisferio sur.<\/p>\n<p>Un momento que se vivi\u00f3 en el Club Deportivo Obreros el pasado 23 de marzo y donde asistieron alrededor de 60 personas, entre familias e integrantes del Astroclub Infantil y del taller de astronom\u00eda del Colegio Parroquial.<\/p>\n<p>Una de las constelaciones que se conform\u00f3 por los ni\u00f1os y ni\u00f1as fue la de Ori\u00f3n, lo que fue filmado desde las alturas por un dron a cargo de Eduardo Ocaranza, experto en el vuelo de drones, y, adem\u00e1s, fue fotografiado por Lorenzo Castro y Ricardo Sald\u00edvar, todos ellos integrantes de la agrupaci\u00f3n Enfoque Creativo, una instituci\u00f3n reci\u00e9n formada en la comuna y que voluntariamente apoy\u00f3 la actividad.<\/p>\n<p>\u201cQuiero dar las gracias a los integrantes de Enfoque Creativo por apoyarnos para sacar adelante esta jornada, y tambi\u00e9n a todas las personas que participaron y creyeron en este lindo proyecto, el cual esperamos replicar en otra actividad\u201d, expres\u00f3 Carmen Gloria Mart\u00ednez.<\/p>\n","protected":false},"excerpt":{"rendered":"<p>Una actividad creada por el Astroclub Infantil, enmarcada en la celebraci\u00f3n de los 10 a\u00f1os del D\u00eda de la Astronom\u00eda Nacional. Con gran originalidad surgi\u00f3 la idea de este proyecto por parte de la monitora del taller de astronom\u00eda del Colegio Parroquial y del Astroclub Infantil, Carmen Gloria Mart\u00ednez, quien junto a ni\u00f1os y ni\u00f1as [&hellip;]<\/p>\n","protected":false},"author":3,"featured_media":0,"comment_status":"open","ping_status":"open","sticky":false,"template":"","format":"standard","meta":{"_acf_changed":false,"footnotes":""},"categories":[1],"tags":[3941,2862],"acf":[],"aioseo_notices":[],"_links":{"self":[{"href":"https:\/\/www.andacolloconectado.cl\/index.php\/wp-json\/wp\/v2\/posts\/14786"}],"collection":[{"href":"https:\/\/www.andacolloconectado.cl\/index.php\/wp-json\/wp\/v2\/posts"}],"about":[{"href":"https:\/\/www.andacolloconectado.cl\/index.php\/wp-json\/wp\/v2\/types\/post"}],"author":[{"embeddable":true,"href":"https:\/\/www.andacolloconectado.cl\/index.php\/wp-json\/wp\/v2\/users\/3"}],"replies":[{"embeddable":true,"href":"https:\/\/www.andacolloconectado.cl\/index.php\/wp-json\/wp\/v2\/comments?post=14786"}],"version-history":[{"count":1,"href":"https:\/\/www.andacolloconectado.cl\/index.php\/wp-json\/wp\/v2\/posts\/14786\/revisions"}],"predecessor-version":[{"id":14788,"href":"https:\/\/www.andacolloconectado.cl\/index.php\/wp-json\/wp\/v2\/posts\/14786\/revisions\/14788"}],"wp:attachment":[{"href":"https:\/\/www.andacolloconectado.cl\/index.php\/wp-json\/wp\/v2\/media?parent=14786"}],"wp:term":[{"taxonomy":"category","embeddable":true,"href":"https:\/\/www.andacolloconectado.cl\/index.php\/wp-json\/wp\/v2\/categories?post=14786"},{"taxonomy":"post_tag","embeddable":true,"href":"https:\/\/www.andacolloconectado.cl\/index.php\/wp-json\/wp\/v2\/tags?post=14786"}],"curies":[{"name":"wp","href":"https:\/\/api.w.org\/{rel}","templated":true}]}}