{"id":14868,"date":"2024-04-23T16:11:12","date_gmt":"2024-04-23T16:11:12","guid":{"rendered":"http:\/\/www.andacolloconectado.cl\/?p=14868"},"modified":"2024-04-23T16:11:12","modified_gmt":"2024-04-23T16:11:12","slug":"escuelas-de-la-educacion-publica-fomentan-la-lectura-comprensiva-a-traves-de-entretenidas-estrategias","status":"publish","type":"post","link":"https:\/\/www.andacolloconectado.cl\/index.php\/escuelas-de-la-educacion-publica-fomentan-la-lectura-comprensiva-a-traves-de-entretenidas-estrategias\/","title":{"rendered":"Escuelas de la educaci\u00f3n p\u00fablica fomentan la lectura comprensiva a trav\u00e9s de entretenidas estrategias"},"content":{"rendered":"<p><em><strong>En el marco del D\u00eda del Libro, los establecimientos educacionales del SLEP Puerto Cordillera buscan que estudiantes adquieran el h\u00e1bito lector para la conquista de m\u00e1s y mejores aprendizajes.<\/strong><\/em><\/p>\n<p>Los liceos, escuelas, colegios y jardines infantiles del Servicio Local de Educaci\u00f3n P\u00fablica Puerto Cordillera han desarrollado diversos programas que buscan fomentar el h\u00e1bito de la lectura comprensiva, lo que va en directo beneficio del mejoramiento de los aprendizajes integrales en estudiantes. Destacan entre las iniciativas las horas pedag\u00f3gicas en biblioteca, incentivo a la lectura en horas de recreo o la organizaci\u00f3n de clubes de lectura, lo que ha tenido un impacto positivo en la reciente entrega de resultados SIMCE, donde los establecimientos educacionales p\u00fablicos de Andacollo y Coquimbo sacaron cuentas alegres por los incrementos en los puntajes de Lenguaje, promediando 261 puntos (+2) en 4\u00b0 b\u00e1sicos y 241 puntos (+8) en 2\u00b0 medio.<\/p>\n<p>En la Escuela Rep\u00fablica de Italia, ubicada en el sector de Tierras Blancas, han implementado el proyecto Bibliopatio, que incentiva a las y los estudiantes a disfrutar de la lectura en momentos de recreo, instalando la pr\u00e1ctica de leer y cocrear literatura para ni\u00f1os, ni\u00f1as y adolescentes. \u201cEsta actividad la hemos implementado desde el a\u00f1o 2022 con muy buenos resultados, donde estudiantes ocupan su tiempo en la lectura recreativa involucrando a docentes, apoderados y los propios estudiantes de los niveles m\u00e1s grandes. Estamos muy felices por los resultados de esta estrategia, con estudiantes motivados por querer leer seg\u00fan sus motivaciones y gustos\u201d, expres\u00f3 su directora, Carla Ruiz Neira.<\/p>\n<p>Otra de los programas que se han levantado para fortalecer el h\u00e1bito lector es la desarrollada en la Escuela B\u00e1sica Manuel de Salas de Guanaqueros, que a trav\u00e9s de Cuentacuentos en el nivel preb\u00e1sico, y las Estatuas Literarias y representaciones art\u00edsticas para el resto de la comunidad educativa, buscan fomentar la importancia de leer de manera regular. \u201cEstamos muy contentos por los buenos resultados que hemos obtenido, donde ni\u00f1os y ni\u00f1as han ido adquiriendo este h\u00e1bito lector tan importante para desarrollar habilidades integrales. Hemos reforzado este aspecto con actividades en el patio, as\u00ed como tambi\u00e9n con las visitas a la biblioteca, donde pueden encontrar diversos t\u00edtulos acordes a los niveles de ense\u00f1anza\u201d, detall\u00f3 su directora Marcia Castro Valenzuela.<\/p>\n<p>En Andacollo, el Colegio Nuestra Se\u00f1ora del Rosario tambi\u00e9n busca fortalecer el importante h\u00e1bito lector en sus estudiantes con la creaci\u00f3n de un Club de Lectura para crear di\u00e1logos a trav\u00e9s de los libros, contribuyendo a la lectura comprensiva, socializaci\u00f3n, formulaci\u00f3n de ideas y pensamientos con respeto a opiniones y gustos diversos. El director del establecimiento, Patricio Monroy, destac\u00f3 que esta iniciativa ha sido todo un \u00e9xito, buscando desarrollar en el tiempo. \u201cNos ha permitido conocer la voz de ellos, sus intereses y gustos a trav\u00e9s de la lectura. Han mostrado gran motivaci\u00f3n en ser partes activos de sus procesos de aprendizaje, lo que nos ha llevado a obtener resultados del mejoramiento de la comprensi\u00f3n y velocidad lectora, lo que hemos medido objetivamente a trav\u00e9s de herramientas pedag\u00f3gicas para proyectar estos procesos a lo largo del tiempo y en los distintos niveles educativos\u201d.<\/p>\n","protected":false},"excerpt":{"rendered":"<p>En el marco del D\u00eda del Libro, los establecimientos educacionales del SLEP Puerto Cordillera buscan que estudiantes adquieran el h\u00e1bito lector para la conquista de m\u00e1s y mejores aprendizajes. Los liceos, escuelas, colegios y jardines infantiles del Servicio Local de Educaci\u00f3n P\u00fablica Puerto Cordillera han desarrollado diversos programas que buscan fomentar el h\u00e1bito de la [&hellip;]<\/p>\n","protected":false},"author":3,"featured_media":0,"comment_status":"open","ping_status":"open","sticky":false,"template":"","format":"standard","meta":{"_acf_changed":false,"footnotes":""},"categories":[1],"tags":[1584,3124],"acf":[],"aioseo_notices":[],"_links":{"self":[{"href":"https:\/\/www.andacolloconectado.cl\/index.php\/wp-json\/wp\/v2\/posts\/14868"}],"collection":[{"href":"https:\/\/www.andacolloconectado.cl\/index.php\/wp-json\/wp\/v2\/posts"}],"about":[{"href":"https:\/\/www.andacolloconectado.cl\/index.php\/wp-json\/wp\/v2\/types\/post"}],"author":[{"embeddable":true,"href":"https:\/\/www.andacolloconectado.cl\/index.php\/wp-json\/wp\/v2\/users\/3"}],"replies":[{"embeddable":true,"href":"https:\/\/www.andacolloconectado.cl\/index.php\/wp-json\/wp\/v2\/comments?post=14868"}],"version-history":[{"count":1,"href":"https:\/\/www.andacolloconectado.cl\/index.php\/wp-json\/wp\/v2\/posts\/14868\/revisions"}],"predecessor-version":[{"id":14870,"href":"https:\/\/www.andacolloconectado.cl\/index.php\/wp-json\/wp\/v2\/posts\/14868\/revisions\/14870"}],"wp:attachment":[{"href":"https:\/\/www.andacolloconectado.cl\/index.php\/wp-json\/wp\/v2\/media?parent=14868"}],"wp:term":[{"taxonomy":"category","embeddable":true,"href":"https:\/\/www.andacolloconectado.cl\/index.php\/wp-json\/wp\/v2\/categories?post=14868"},{"taxonomy":"post_tag","embeddable":true,"href":"https:\/\/www.andacolloconectado.cl\/index.php\/wp-json\/wp\/v2\/tags?post=14868"}],"curies":[{"name":"wp","href":"https:\/\/api.w.org\/{rel}","templated":true}]}}