{"id":14895,"date":"2024-04-29T17:16:27","date_gmt":"2024-04-29T17:16:27","guid":{"rendered":"http:\/\/www.andacolloconectado.cl\/?p=14895"},"modified":"2024-04-29T17:16:27","modified_gmt":"2024-04-29T17:16:27","slug":"con-gran-entusiasmo-la-organizacion-andacollina-alegria-de-vivir-esta-desarrollando-su-proyecto-cat-la-musica-y-el-arte-nos-hara-vivir-con-alegria","status":"publish","type":"post","link":"https:\/\/www.andacolloconectado.cl\/index.php\/con-gran-entusiasmo-la-organizacion-andacollina-alegria-de-vivir-esta-desarrollando-su-proyecto-cat-la-musica-y-el-arte-nos-hara-vivir-con-alegria\/","title":{"rendered":"Con gran entusiasmo la organizaci\u00f3n andacollina Alegr\u00eda de Vivir est\u00e1 desarrollando su proyecto CAT: \u201cLa m\u00fasica y el arte nos har\u00e1 vivir con alegr\u00eda\u201d"},"content":{"rendered":"<p><em><strong>Una instancia integrada por padres y amigos de personas con discapacidad, quienes el pr\u00f3ximo domingo compartir\u00e1n la experiencia de lo aprendido por los ni\u00f1os y ni\u00f1as con la comunidad.<\/strong><\/em><\/p>\n<p>El a\u00f1o 2023, la organizaci\u00f3n se adjudic\u00f3 los fondos CAT para ejecutar su proyecto durante este a\u00f1o en beneficio de los ni\u00f1os y ni\u00f1as con discapacidad, quienes demuestran sus ganas de avanzar y de aprender en distintas \u00e1reas. En este caso, y gracias a este proyecto, est\u00e1n aprendiendo a trav\u00e9s del arte y la m\u00fasica, participando muy activamente junto a sus padres y avanzando en nuevas habilidades y trabajo en conjunto.<\/p>\n<p>Por esto, la organizaci\u00f3n de padres y amigos de personas con discapacidad \u201cLa Alegr\u00eda de vivir\u201d, ha querido compartir la experiencia de sus ni\u00f1os y ni\u00f1as en terreno, lo que se realizar\u00e1 el pr\u00f3ximo domingo 5 de mayo despu\u00e9s de la misa del medio d\u00eda en la plaza de Andacollo, una invitaci\u00f3n abierta para toda la comunidad. La idea es compartir estos nuevos desaf\u00edos, mostrando los avances y lo aprendido hasta ahora.<\/p>\n<p>Jeannette Gonz\u00e1lez, presidenta de la agrupaci\u00f3n, explic\u00f3 que, \u201cel prop\u00f3sito de estos talleres es siempre sacar adelante a los ni\u00f1os y ni\u00f1as, que aprendan cosas nuevas. Tenemos el taller de arte que comenz\u00f3 con greda, y quienes participan est\u00e1n muy entusiasmados de aprender, y despu\u00e9s viene la pintura. La otra parte es la musicoterapia, que no solo es relajaci\u00f3n, sino que tambi\u00e9n aprender\u00e1n a tocar instrumentos con sonidos muy especiales\u201d.<\/p>\n<p>Por su parte, Ximena Urrutia, monitora del taller de m\u00fasica, se\u00f1al\u00f3 que, \u201ces un taller que se acomoda a las distintas necesidades de los ni\u00f1os y ni\u00f1as, a trav\u00e9s de los instrumentos que tenemos en la m\u00fasica. Aprendemos habilidades r\u00edtmicas, motoras, y a practicar la creatividad. Para este proyecto tenemos arpas que son para relajaci\u00f3n, y tambores de metal que tienen distintos sonidos como hind\u00faes para relajaci\u00f3n tambi\u00e9n. Para m\u00ed el taller es un gran desaf\u00edo, pero es muy importante porque todos merecen aprender a tocar un instrumento y disfrutar la m\u00fasica\u201d.<\/p>\n<p>Asimismo, Esperanza Pereira, madre de Leonardo, uno de los participantes de los talleres, cont\u00f3 que, \u201cha sido una experiencia muy bonita, porque es una terapia para nosotros, nos relaja junto a nuestros hijos y podemos construir cosas bonitas para mostrar al final del proyecto\u201d.<\/p>\n<p>Finalmente, Rosario Vega, encargada del taller de artes, expres\u00f3 que, \u201ca m\u00ed me gusta decirle taller de artes libres, porque, aunque yo vengo con una propuesta y materiales, lo que ellos quieran hacer lo pueden hacer, utilizan herramientas de otras formas, porque de eso se trata esta parte. Para m\u00ed ha sido un taller como cualquier otro, porque los genios siempre est\u00e1n, las sorpresas tambi\u00e9n, y el grupo es muy lindo\u201d.<\/p>\n<p>Los talleres se realizan viernes y s\u00e1bados de 16:00 a 18:00 horas, y, Jeannette, la presidenta de la agrupaci\u00f3n, destac\u00f3 y agradeci\u00f3 el apoyo de la mesa CAT en este proyecto y en los anteriores, los que, seg\u00fan enfatiz\u00f3, siempre han sido muy frut\u00edferos y de mucho aprendizaje para los ni\u00f1os y ni\u00f1as.<\/p>\n","protected":false},"excerpt":{"rendered":"<p>Una instancia integrada por padres y amigos de personas con discapacidad, quienes el pr\u00f3ximo domingo compartir\u00e1n la experiencia de lo aprendido por los ni\u00f1os y ni\u00f1as con la comunidad. El a\u00f1o 2023, la organizaci\u00f3n se adjudic\u00f3 los fondos CAT para ejecutar su proyecto durante este a\u00f1o en beneficio de los ni\u00f1os y ni\u00f1as con discapacidad, [&hellip;]<\/p>\n","protected":false},"author":3,"featured_media":0,"comment_status":"open","ping_status":"open","sticky":false,"template":"","format":"standard","meta":{"_acf_changed":false,"footnotes":""},"categories":[1],"tags":[3966],"acf":[],"aioseo_notices":[],"_links":{"self":[{"href":"https:\/\/www.andacolloconectado.cl\/index.php\/wp-json\/wp\/v2\/posts\/14895"}],"collection":[{"href":"https:\/\/www.andacolloconectado.cl\/index.php\/wp-json\/wp\/v2\/posts"}],"about":[{"href":"https:\/\/www.andacolloconectado.cl\/index.php\/wp-json\/wp\/v2\/types\/post"}],"author":[{"embeddable":true,"href":"https:\/\/www.andacolloconectado.cl\/index.php\/wp-json\/wp\/v2\/users\/3"}],"replies":[{"embeddable":true,"href":"https:\/\/www.andacolloconectado.cl\/index.php\/wp-json\/wp\/v2\/comments?post=14895"}],"version-history":[{"count":1,"href":"https:\/\/www.andacolloconectado.cl\/index.php\/wp-json\/wp\/v2\/posts\/14895\/revisions"}],"predecessor-version":[{"id":14898,"href":"https:\/\/www.andacolloconectado.cl\/index.php\/wp-json\/wp\/v2\/posts\/14895\/revisions\/14898"}],"wp:attachment":[{"href":"https:\/\/www.andacolloconectado.cl\/index.php\/wp-json\/wp\/v2\/media?parent=14895"}],"wp:term":[{"taxonomy":"category","embeddable":true,"href":"https:\/\/www.andacolloconectado.cl\/index.php\/wp-json\/wp\/v2\/categories?post=14895"},{"taxonomy":"post_tag","embeddable":true,"href":"https:\/\/www.andacolloconectado.cl\/index.php\/wp-json\/wp\/v2\/tags?post=14895"}],"curies":[{"name":"wp","href":"https:\/\/api.w.org\/{rel}","templated":true}]}}