{"id":1492,"date":"2015-12-14T19:59:28","date_gmt":"2015-12-14T19:59:28","guid":{"rendered":"http:\/\/164.77.116.3\/lfiacportal\/?p=1492"},"modified":"2015-12-14T19:59:28","modified_gmt":"2015-12-14T19:59:28","slug":"ninos-andacollinos-disfrutan-en-gran-fiesta-de-navidad","status":"publish","type":"post","link":"https:\/\/www.andacolloconectado.cl\/index.php\/ninos-andacollinos-disfrutan-en-gran-fiesta-de-navidad\/","title":{"rendered":"Ni\u00f1os andacollinos disfrutan en gran fiesta de Navidad"},"content":{"rendered":"<p>La actividad organizada por la Municipalidad de Andacollo y apoyada por el\u00a0sindicato de trabajadores de Minera Teck, se realiz\u00f3 este domingo durante todo el\u00a0d\u00eda en el parque El Oasis.<\/p>\n<p>Los ni\u00f1os y sus familias disfrutaron y bailaron al ritmo de <strong>Ax\u00e9 Bah\u00eda<\/strong> y de un\u00a0entretenido show de los personajes del programa <strong>Cachureos<\/strong> liderados por el Gato\u00a0Juanito adem\u00e1s de disfrutar de <strong>entretenciones mec\u00e1nicas, camas el\u00e1sticas y\u00a0juegos inflables<\/strong>.<\/p>\n<p>Y como es tradici\u00f3n, nadie se fue de la celebraci\u00f3n sin su regalo que se\u00a0reparti\u00f3 para todas las edades, adem\u00e1s de una bolsa de confites para todos\u00a0los ni\u00f1os. Sin duda una linda tarde para tantos ni\u00f1os que repletaron el parque\u00a0Oasis y que vibraron y bailaron al ritmo del recordado ritmo de Ax\u00e9 y por supuesto\u00a0de estos personajes de Cachureos tan queridos y recordados por lo ni\u00f1os y\u00a0tambi\u00e9n por sus padres.<\/p>\n<p>Hubo tambi\u00e9n una <strong>obra de teatro de Aguas del Valle<\/strong>, donde les inculcaron a los\u00a0ni\u00f1os y sus familias el buen uso del agua y repartieron obsequios para todos ellos.<\/p>\n<p>El alcalde Juan Carlos Alfaro, quien comparti\u00f3 con los asistentes, resalt\u00f3 la\u00a0importancia de compartir con nuestros ni\u00f1os y adem\u00e1s ense\u00f1arles el verdadero\u00a0valor de la Navidad.<\/p>\n","protected":false},"excerpt":{"rendered":"<p>La actividad organizada por la Municipalidad de Andacollo y apoyada por el\u00a0sindicato de trabajadores de Minera Teck, se realiz\u00f3 este domingo durante todo el\u00a0d\u00eda en el parque El Oasis. Los ni\u00f1os y sus familias disfrutaron y bailaron al ritmo de Ax\u00e9 Bah\u00eda y de un\u00a0entretenido show de los personajes del programa Cachureos liderados por el [&hellip;]<\/p>\n","protected":false},"author":3,"featured_media":0,"comment_status":"open","ping_status":"open","sticky":false,"template":"","format":"standard","meta":{"_acf_changed":false,"footnotes":""},"categories":[1],"tags":[221],"acf":[],"aioseo_notices":[],"_links":{"self":[{"href":"https:\/\/www.andacolloconectado.cl\/index.php\/wp-json\/wp\/v2\/posts\/1492"}],"collection":[{"href":"https:\/\/www.andacolloconectado.cl\/index.php\/wp-json\/wp\/v2\/posts"}],"about":[{"href":"https:\/\/www.andacolloconectado.cl\/index.php\/wp-json\/wp\/v2\/types\/post"}],"author":[{"embeddable":true,"href":"https:\/\/www.andacolloconectado.cl\/index.php\/wp-json\/wp\/v2\/users\/3"}],"replies":[{"embeddable":true,"href":"https:\/\/www.andacolloconectado.cl\/index.php\/wp-json\/wp\/v2\/comments?post=1492"}],"version-history":[{"count":2,"href":"https:\/\/www.andacolloconectado.cl\/index.php\/wp-json\/wp\/v2\/posts\/1492\/revisions"}],"predecessor-version":[{"id":1499,"href":"https:\/\/www.andacolloconectado.cl\/index.php\/wp-json\/wp\/v2\/posts\/1492\/revisions\/1499"}],"wp:attachment":[{"href":"https:\/\/www.andacolloconectado.cl\/index.php\/wp-json\/wp\/v2\/media?parent=1492"}],"wp:term":[{"taxonomy":"category","embeddable":true,"href":"https:\/\/www.andacolloconectado.cl\/index.php\/wp-json\/wp\/v2\/categories?post=1492"},{"taxonomy":"post_tag","embeddable":true,"href":"https:\/\/www.andacolloconectado.cl\/index.php\/wp-json\/wp\/v2\/tags?post=1492"}],"curies":[{"name":"wp","href":"https:\/\/api.w.org\/{rel}","templated":true}]}}