{"id":14949,"date":"2024-05-20T21:36:10","date_gmt":"2024-05-20T21:36:10","guid":{"rendered":"http:\/\/www.andacolloconectado.cl\/?p=14949"},"modified":"2024-05-20T21:36:10","modified_gmt":"2024-05-20T21:36:10","slug":"escuela-patricio-lynch-de-andacollo-realizo-desfile-en-conmemoracion-del-21-de-mayo","status":"publish","type":"post","link":"https:\/\/www.andacolloconectado.cl\/index.php\/escuela-patricio-lynch-de-andacollo-realizo-desfile-en-conmemoracion-del-21-de-mayo\/","title":{"rendered":"Escuela Patricio Lynch de Andacollo realiz\u00f3 desfile en conmemoraci\u00f3n del 21 de mayo"},"content":{"rendered":"<p><em><strong>Estudiantes de 1\u00b0 a 4\u00b0 b\u00e1sico participaron en la actividad realizada el pasado viernes 17<\/strong><strong>.<\/strong><\/em><\/p>\n<p>Cada a\u00f1o se conmemora el 21 de mayo, una fecha donde se celebran las Glorias Navales, recordando el combate naval de Iquique. En esta ocasi\u00f3n, la escuela Patricio Lynch organiz\u00f3 su acto de desfile con estudiantes solo de primer ciclo, es decir, ni\u00f1os y ni\u00f1as de 1\u00b0 a 4\u00b0 b\u00e1sico. El desfile estuvo acompa\u00f1ado por padres, apoderados, docentes y autoridades locales.<\/p>\n<p>Jeanette Godoy, directora de la escuela Patricio Lynch, explic\u00f3 que, \u201cdentro de las actividades del a\u00f1o se determin\u00f3 esto y las responsabilidades en cada ocasi\u00f3n. En particular, este desfile le correspondi\u00f3 al primer ciclo, es decir, estudiantes de 1\u00b0 a 4\u00b0 b\u00e1sico, creo que dejaron la vara bastante alta, y agradezco a las autoridades que nos acompa\u00f1aron, es una instancia que permite a nuestros estudiantes reforzar su personalidad y otras habilidades importantes\u201d.<\/p>\n<p>Por su parte, el alcalde Gerald Cerda, tambi\u00e9n estuvo presente, y se\u00f1al\u00f3 que, \u201cquiero agradecer la invitaci\u00f3n de la directora del establecimiento y a todo el equipo de la instituci\u00f3n. Sin duda, quienes se lucieron hoy fueron los estudiantes, agradezco el apoyo que hay detr\u00e1s de ellos para que esto saliera bien. Qued\u00e9 sorprendido de las habilidades de quienes desfilaron y dieron discursos, resaltando su amor a la patria, con sus valores y compromiso a la naci\u00f3n\u201d.<\/p>\n<p>Una instancia que permiti\u00f3 apreciar las vestimentas caracter\u00edsticas de marineros, maquetas de embarcaciones y lo m\u00e1s importante, la motivaci\u00f3n de los y las estudiantes de la escuela, junto a sus docentes, quienes trabajaron para entregar a la comunidad un gran momento cultural de la historia de Chile.<\/p>\n","protected":false},"excerpt":{"rendered":"<p>Estudiantes de 1\u00b0 a 4\u00b0 b\u00e1sico participaron en la actividad realizada el pasado viernes 17. Cada a\u00f1o se conmemora el 21 de mayo, una fecha donde se celebran las Glorias Navales, recordando el combate naval de Iquique. En esta ocasi\u00f3n, la escuela Patricio Lynch organiz\u00f3 su acto de desfile con estudiantes solo de primer ciclo, [&hellip;]<\/p>\n","protected":false},"author":3,"featured_media":0,"comment_status":"open","ping_status":"open","sticky":false,"template":"","format":"standard","meta":{"_acf_changed":false,"footnotes":""},"categories":[1],"tags":[407],"acf":[],"aioseo_notices":[],"_links":{"self":[{"href":"https:\/\/www.andacolloconectado.cl\/index.php\/wp-json\/wp\/v2\/posts\/14949"}],"collection":[{"href":"https:\/\/www.andacolloconectado.cl\/index.php\/wp-json\/wp\/v2\/posts"}],"about":[{"href":"https:\/\/www.andacolloconectado.cl\/index.php\/wp-json\/wp\/v2\/types\/post"}],"author":[{"embeddable":true,"href":"https:\/\/www.andacolloconectado.cl\/index.php\/wp-json\/wp\/v2\/users\/3"}],"replies":[{"embeddable":true,"href":"https:\/\/www.andacolloconectado.cl\/index.php\/wp-json\/wp\/v2\/comments?post=14949"}],"version-history":[{"count":1,"href":"https:\/\/www.andacolloconectado.cl\/index.php\/wp-json\/wp\/v2\/posts\/14949\/revisions"}],"predecessor-version":[{"id":14951,"href":"https:\/\/www.andacolloconectado.cl\/index.php\/wp-json\/wp\/v2\/posts\/14949\/revisions\/14951"}],"wp:attachment":[{"href":"https:\/\/www.andacolloconectado.cl\/index.php\/wp-json\/wp\/v2\/media?parent=14949"}],"wp:term":[{"taxonomy":"category","embeddable":true,"href":"https:\/\/www.andacolloconectado.cl\/index.php\/wp-json\/wp\/v2\/categories?post=14949"},{"taxonomy":"post_tag","embeddable":true,"href":"https:\/\/www.andacolloconectado.cl\/index.php\/wp-json\/wp\/v2\/tags?post=14949"}],"curies":[{"name":"wp","href":"https:\/\/api.w.org\/{rel}","templated":true}]}}