{"id":15027,"date":"2024-06-17T16:30:44","date_gmt":"2024-06-17T16:30:44","guid":{"rendered":"https:\/\/www.andacolloconectado.cl\/?p=15027"},"modified":"2024-06-17T16:41:02","modified_gmt":"2024-06-17T16:41:02","slug":"obispo-auxiliar-monsenor-enrique-balzan-presidio-especial-ceremonia-en-el-santuario-de-andacollo-este-domingo","status":"publish","type":"post","link":"https:\/\/www.andacolloconectado.cl\/index.php\/obispo-auxiliar-monsenor-enrique-balzan-presidio-especial-ceremonia-en-el-santuario-de-andacollo-este-domingo\/","title":{"rendered":"Obispo auxiliar monse\u00f1or Enrique Balz\u00e1n, presidi\u00f3 especial ceremonia en el santuario de Andacollo este domingo"},"content":{"rendered":"\n<p><strong><em>En la ocasi\u00f3n, se realiz\u00f3 un emotivo gesto para dar la bienvenida al obispo, bajando la imagen de la Virgen desde el altar.<\/em><\/strong><\/p>\n\n\n\n<p>En la catedral de La Serena se realiz\u00f3 la ordenaci\u00f3n episcopal del nuevo obispo auxiliar el pasado s\u00e1bado 15 de junio, un acontecimiento hist\u00f3rico, porque hace 27 a\u00f1os que no hab\u00eda ordenaci\u00f3n episcopal en esta circunscripci\u00f3n eclesi\u00e1stica. En este sentido, monse\u00f1or Enrique Balz\u00e1n se traslad\u00f3 durante el domingo hasta Andacollo, lugar donde presidi\u00f3 su primera ceremonia religiosa en el santuario.<\/p>\n\n\n\n<p>Durante la jornada, participaron bailes religiosos, movimientos cristianos de la parroquia, integrantes del santuario, por supuesto, el rector del santuario, padre Adam Bartyzol, y tambi\u00e9n obispos e invitados especiales. Adem\u00e1s, se le hizo entrega de un obsequio por parte del consejo parroquial. Asimismo, se baj\u00f3 la imagen de la Virgen desde el altar hacia el anda que est\u00e1 ubicado al costado del altar en el templo, instancia que permiti\u00f3 que Monse\u00f1or Balz\u00e1n dejara flores a los pies de la chinita.<\/p>\n\n\n\n<p>\u201cHa sido muy bonito y emocionante, siempre tuve en mente venir hasta ac\u00e1 para presentarme a la virgen y encomendarme a ella. Hab\u00eda venido antes ac\u00e1 desde El Salvador, pero en esta ocasi\u00f3n quise venir de inmediato, es decir, al d\u00eda siguiente de mi ordenaci\u00f3n estoy aqu\u00ed encomendado a la Virgen\u201d, expres\u00f3 Monse\u00f1or Enrique Balz\u00e1n.<\/p>\n","protected":false},"excerpt":{"rendered":"<p>En la ocasi\u00f3n, se realiz\u00f3 un emotivo gesto para dar la bienvenida al obispo, bajando la imagen de la Virgen desde el altar. En la catedral de La Serena se realiz\u00f3 la ordenaci\u00f3n episcopal del nuevo obispo auxiliar el pasado s\u00e1bado 15 de junio, un acontecimiento hist\u00f3rico, porque hace 27 a\u00f1os que no hab\u00eda ordenaci\u00f3n [&hellip;]<\/p>\n","protected":false},"author":3,"featured_media":0,"comment_status":"open","ping_status":"open","sticky":false,"template":"","format":"standard","meta":{"_acf_changed":false,"footnotes":""},"categories":[1],"tags":[4288,112],"acf":[],"aioseo_notices":[],"_links":{"self":[{"href":"https:\/\/www.andacolloconectado.cl\/index.php\/wp-json\/wp\/v2\/posts\/15027"}],"collection":[{"href":"https:\/\/www.andacolloconectado.cl\/index.php\/wp-json\/wp\/v2\/posts"}],"about":[{"href":"https:\/\/www.andacolloconectado.cl\/index.php\/wp-json\/wp\/v2\/types\/post"}],"author":[{"embeddable":true,"href":"https:\/\/www.andacolloconectado.cl\/index.php\/wp-json\/wp\/v2\/users\/3"}],"replies":[{"embeddable":true,"href":"https:\/\/www.andacolloconectado.cl\/index.php\/wp-json\/wp\/v2\/comments?post=15027"}],"version-history":[{"count":2,"href":"https:\/\/www.andacolloconectado.cl\/index.php\/wp-json\/wp\/v2\/posts\/15027\/revisions"}],"predecessor-version":[{"id":15032,"href":"https:\/\/www.andacolloconectado.cl\/index.php\/wp-json\/wp\/v2\/posts\/15027\/revisions\/15032"}],"wp:attachment":[{"href":"https:\/\/www.andacolloconectado.cl\/index.php\/wp-json\/wp\/v2\/media?parent=15027"}],"wp:term":[{"taxonomy":"category","embeddable":true,"href":"https:\/\/www.andacolloconectado.cl\/index.php\/wp-json\/wp\/v2\/categories?post=15027"},{"taxonomy":"post_tag","embeddable":true,"href":"https:\/\/www.andacolloconectado.cl\/index.php\/wp-json\/wp\/v2\/tags?post=15027"}],"curies":[{"name":"wp","href":"https:\/\/api.w.org\/{rel}","templated":true}]}}