{"id":15100,"date":"2024-07-08T16:17:15","date_gmt":"2024-07-08T16:17:15","guid":{"rendered":"https:\/\/www.andacolloconectado.cl\/?p=15100"},"modified":"2024-07-08T16:17:16","modified_gmt":"2024-07-08T16:17:16","slug":"atencion-pequenos-mineros-ultimos-dias-para-postular-a-fondo-de-sercotec-que-apoya-a-las-cooperativas-mineras","status":"publish","type":"post","link":"https:\/\/www.andacolloconectado.cl\/index.php\/atencion-pequenos-mineros-ultimos-dias-para-postular-a-fondo-de-sercotec-que-apoya-a-las-cooperativas-mineras\/","title":{"rendered":"\u00a1Atenci\u00f3n, peque\u00f1os mineros!: \u00daltimos d\u00edas para postular a fondo de Sercotec que apoya a las cooperativas mineras"},"content":{"rendered":"\n<p><strong><em>El Fondo Concursable para Fortalecimiento de la Asociatividad en la Peque\u00f1a Miner\u00eda 2024, entrega recursos para la creaci\u00f3n y fortalecimiento de cooperativas de trabajo o consumo vinculadas al sector de la peque\u00f1a miner\u00eda artesanal.\u00a0<\/em><\/strong><\/p>\n\n\n\n<p><strong><em>Las postulaciones est\u00e1n abiertas hasta el mi\u00e9rcoles 10 de julio, a trav\u00e9s del sitio <a href=\"http:\/\/www.sercotec.cl\">www.sercotec.cl<\/a>.<\/em><\/strong><\/p>\n\n\n\n<p><strong>La Serena, 8 de julio de 2024.- <\/strong>Hasta el mi\u00e9rcoles 10 de julio, a trav\u00e9s del sitio <a href=\"http:\/\/www.sercotec.cl\">www.sercotec.cl<\/a>, est\u00e1n abiertas las postulaciones al Fondo de Fortalecimiento de la Asociatividad de la Peque\u00f1a Miner\u00eda 2024.<\/p>\n\n\n\n<p>La iniciativa busca fomentar y apoyar a las cooperativas de peque\u00f1a miner\u00eda, en los ejes de Creaci\u00f3n y Fortalecimiento de Cooperativas y Fortalecimiento Gremial, con la finalidad de mejorar la asociatividad y competitividad de este importante sector econ\u00f3mico, que forma parte de la identidad productiva de la regi\u00f3n de Coquimbo.<\/p>\n\n\n\n<p>La l\u00ednea de Fortalecimiento de Cooperativas busca mejorar su desarrollo productivo y capacidad de gesti\u00f3n, a trav\u00e9s de un modelo de negocio eficaz y una estrategia comercial sostenible.<\/p>\n\n\n\n<p>La l\u00ednea de Creaci\u00f3n de Cooperativas entrega un fondo de $8.000.000 por cooperativa de peque\u00f1a miner\u00eda met\u00e1lica o no met\u00e1lica, que deben estar formadas por grupos de al menos 5 personas naturales o jur\u00eddicas, para apoyar su formalizaci\u00f3n e impulsar la econom\u00eda social.<\/p>\n\n\n\n<p>En tanto, la l\u00ednea de Fortalecimiento Gremial est\u00e1 orientada a organizaciones ya formalizadas y vigentes, con el objetivo de consolidar su asociatividad y mejorar sus capacidades de gesti\u00f3n, productos y servicios, con un fondo de $12.000.000.<\/p>\n\n\n\n<p>Junto con el aporte econ\u00f3mico, las organizaciones beneficiarias acceder\u00e1n tambi\u00e9n a un acompa\u00f1amiento t\u00e9cnico en terreno durante cuatro meses para guiar la elaboraci\u00f3n participativa del plan de inversiones y su posterior ejecuci\u00f3n.<\/p>\n\n\n\n<p>El objetivo del Fondo, una iniciativa conjunta de los ministerios de Econom\u00eda, a trav\u00e9s de Sercotec y de Miner\u00eda, esagregar valor y competitividad a la miner\u00eda de peque\u00f1a escala y entregar una mayor dignidad y calidad de vida a sus trabajadores.<\/p>\n\n\n\n<p><strong>Fomento a la asociatividad y la peque\u00f1a miner\u00eda<\/strong><\/p>\n\n\n\n<p>Luis V\u00e9liz Segovia, presidente del Sindicato de Peque\u00f1os Mineros y Pirquineros de la comuna de Andacollo, destac\u00f3 que \u201cno es f\u00e1cil acceder a ayudas para nuestras organizaciones y ahora que el Gobierno est\u00e1 presentando este programa, la idea es aprovecharlos. Para los peque\u00f1os mineros, todas las ayudas son bienvenidas y complementan la poca inversi\u00f3n en este sector. Hemos tenido muchas dificultades para hacer lo que sabemos, queremos y nos gusta hacer y esta es una gran ayuda\u201d.<\/p>\n\n\n\n<p>Por su parte, Constanza Espinosa Henr\u00edquez, SEREMI de Miner\u00eda de la Regi\u00f3n de Coquimbo, plantea que \u201ceste Programa es fruto del trabajo conjunto entre el Ministerio de Miner\u00eda y Sercotec y las postulaciones est\u00e1n abiertas hasta el mi\u00e9rcoles 10 de julio, a trav\u00e9s del sitio <a href=\"http:\/\/www.sercotec.cl\">www.sercotec.cl<\/a>, o contactando a los funcionarios de la SEREMI de Miner\u00eda. Estamos trabajando juntos para potenciar la miner\u00eda artesanal\u201d.<\/p>\n\n\n\n<p><strong>Trabajo colaborativo para una mayor productividad<\/strong><\/p>\n\n\n\n<p>P\u00eda Castillo Bosselaar, SEREMI de Econom\u00eda, Fomento y Turismo de la Regi\u00f3n de Coquimbo, destaca por su parte, que \u201csomos el Gobierno de las MiPymes y las Cooperativas y es por ello, que los invitamos a postular a este fondo, que cuenta con l\u00edneas de creaci\u00f3n y fortalecimiento de cooperativas y de fortalecimiento gremial. La asociatividad nos permitir\u00e1 avanzar hacia una econom\u00eda m\u00e1s sustentable y sostenible en rubros tan importantes como la peque\u00f1a miner\u00eda\u201d.<\/p>\n\n\n\n<p>En tanto, Pascal Lagunas Rojas, director regional de Sercotec Coquimbo, explica que estos recursos pueden ser utilizados por las cooperativas ganadoras, para mejorar las capacidades productivas a trav\u00e9s de la compra de equipos e insumos y as\u00ed, trabajar de manera m\u00e1s eficiente.<\/p>\n\n\n\n<p>Cabe destacar, adem\u00e1s, que el Gobierno del Presidente Gabriel Boric cre\u00f3 el Instituto Nacional de Asociatividad y Cooperativismo (INAC), cuya entrada en operaciones desde este a\u00f1o, representa el hito m\u00e1s importante en la institucionalidad chilena en materia de econom\u00eda social de los \u00faltimos 50 a\u00f1os.<\/p>\n","protected":false},"excerpt":{"rendered":"<p>El Fondo Concursable para Fortalecimiento de la Asociatividad en la Peque\u00f1a Miner\u00eda 2024, entrega recursos para la creaci\u00f3n y fortalecimiento de cooperativas de trabajo o consumo vinculadas al sector de la peque\u00f1a miner\u00eda artesanal.\u00a0 Las postulaciones est\u00e1n abiertas hasta el mi\u00e9rcoles 10 de julio, a trav\u00e9s del sitio www.sercotec.cl. La Serena, 8 de julio de [&hellip;]<\/p>\n","protected":false},"author":3,"featured_media":0,"comment_status":"open","ping_status":"open","sticky":false,"template":"","format":"standard","meta":{"_acf_changed":false,"footnotes":""},"categories":[1],"tags":[4304,250],"acf":[],"aioseo_notices":[],"_links":{"self":[{"href":"https:\/\/www.andacolloconectado.cl\/index.php\/wp-json\/wp\/v2\/posts\/15100"}],"collection":[{"href":"https:\/\/www.andacolloconectado.cl\/index.php\/wp-json\/wp\/v2\/posts"}],"about":[{"href":"https:\/\/www.andacolloconectado.cl\/index.php\/wp-json\/wp\/v2\/types\/post"}],"author":[{"embeddable":true,"href":"https:\/\/www.andacolloconectado.cl\/index.php\/wp-json\/wp\/v2\/users\/3"}],"replies":[{"embeddable":true,"href":"https:\/\/www.andacolloconectado.cl\/index.php\/wp-json\/wp\/v2\/comments?post=15100"}],"version-history":[{"count":1,"href":"https:\/\/www.andacolloconectado.cl\/index.php\/wp-json\/wp\/v2\/posts\/15100\/revisions"}],"predecessor-version":[{"id":15102,"href":"https:\/\/www.andacolloconectado.cl\/index.php\/wp-json\/wp\/v2\/posts\/15100\/revisions\/15102"}],"wp:attachment":[{"href":"https:\/\/www.andacolloconectado.cl\/index.php\/wp-json\/wp\/v2\/media?parent=15100"}],"wp:term":[{"taxonomy":"category","embeddable":true,"href":"https:\/\/www.andacolloconectado.cl\/index.php\/wp-json\/wp\/v2\/categories?post=15100"},{"taxonomy":"post_tag","embeddable":true,"href":"https:\/\/www.andacolloconectado.cl\/index.php\/wp-json\/wp\/v2\/tags?post=15100"}],"curies":[{"name":"wp","href":"https:\/\/api.w.org\/{rel}","templated":true}]}}