{"id":15339,"date":"2024-10-08T12:47:08","date_gmt":"2024-10-08T12:47:08","guid":{"rendered":"https:\/\/www.andacolloconectado.cl\/?p=15339"},"modified":"2024-10-08T12:47:09","modified_gmt":"2024-10-08T12:47:09","slug":"personas-cuidadoras-podran-excusarse-de-ser-vocal-para-las-elecciones-del-26-y-27-de-octubre","status":"publish","type":"post","link":"https:\/\/www.andacolloconectado.cl\/index.php\/personas-cuidadoras-podran-excusarse-de-ser-vocal-para-las-elecciones-del-26-y-27-de-octubre\/","title":{"rendered":"Personas cuidadoras podr\u00e1n excusarse de ser vocal para las elecciones del 26 y 27 de octubre"},"content":{"rendered":"\n<p><strong><em>Hasta el 9 de octubre las Juntas Electorales estar\u00e1n recibiendo las solicitudes. En la Regi\u00f3n de Coquimbo cerca de 9 mil personas est\u00e1n en el registro que acredita el cumplimiento de esta labor. <\/em><\/strong><strong><em><\/em><\/strong><\/p>\n\n\n\n<p>Este 5 de octubre, el Servicio Electoral (Servel) dio a conocer la n\u00f3mina de vocales de mesa que participar\u00e1n de las elecciones Regionales y Municipales. Sin embargo, quienes puedan acreditar que est\u00e1n al cuidado de un adulto mayor en situaci\u00f3n de dependencia o de una persona en situaci\u00f3n de discapacidad podr\u00e1n eximirse de cumplir con este deber c\u00edvico.<\/p>\n\n\n\n<p>Al respecto, el Seremi de Desarrollo Social y Familia, Eduardo Alcayaga, explic\u00f3 que \u201cestamos realizando un proceso de difusi\u00f3n, nos hemos reunido con organizaciones de personas cuidadoras y es una muy buena noticia, ha tenido una acogida muy positiva, porque para quienes realizan labores de cuidados el recurso tiempo es un recurso escaso. Entendemos que en procesos eleccionarios los vocales de mesa son fundamentales, pero tambi\u00e9n entendemos que las personas que cuidan requieren nuestro apoyo y tambi\u00e9n nuestro reconocimiento\u201d.&nbsp;&nbsp;&nbsp;&nbsp;&nbsp;&nbsp;&nbsp;&nbsp;<\/p>\n\n\n\n<p>Por su parte, la Seremi de Gobierno, Paulina Mora, explic\u00f3 que dada la situaci\u00f3n especial de quienes ejercen est\u00e1s labores podr\u00e1n presentar ante la Junta Electoral su Credencial de Persona Cuidadora para poder excusarse de ser vocal.<\/p>\n\n\n\n<p>\u201cPara nuestro Gobierno es importante visibilizar la labor que tiene las personas cuidadoras, por eso Desarrollo Social y Familia implement\u00f3 este Registro, que busca cuantificarlos, generar mecanismos de apoyo a su labor y, tambi\u00e9n, facilitarles los tr\u00e1mites que se realizan en el Estado. En esta oportunidad, ellos pueden descargar desde su sesi\u00f3n del Registro Social de Hogares una copia de la credencial, la que puede ser validada a trav\u00e9s de un c\u00f3digo QR y en la que consta su run y presentarla como una excusa v\u00e1lida para no cumplir con esta labor\u201d, detall\u00f3 la Vocera Regional Paulina Mora.<\/p>\n\n\n\n<p>De acuerdo a la informaci\u00f3n del Ministerio de Desarrollo Social y Familia, en la Regi\u00f3n de Coquimbo existen cerca de 9 mil personas, entre mujeres y hombres, que est\u00e1n identificadas como cuidadoras en el Registro Social de Hogares y que si han sido designadas como vocal, podr\u00e1n acceder a este beneficio.<\/p>\n\n\n\n<p>En este sentido, la presidenta de la agrupaci\u00f3n de personas cuidadoras Corazones Resilientes, Marcela Leiva, tras reunirse con el Seremi de Desarrollo Social y Familia, Eduardo Alcayaga, indic\u00f3 que \u201cyo lo encuentro fant\u00e1stico, una de las problem\u00e1ticas principales que tenemos las cuidadoras es el tiempo, el tiempo para salir, el tiempo para dejar a los pacientes solos y poder justificarse. Se va avanzando a grandes pasos (\u2026) hoy d\u00eda con el c\u00f3digo QR es fant\u00e1stico. As\u00ed que felices.<\/p>\n\n\n\n<p>A su vez, la Seremi de le Mujer y la Equidad de G\u00e9nero, Camila Sabando, indic\u00f3 que \u00abcomo pa\u00eds estamos avanzando en el reconocimiento de la labor esencial del cuidado que hist\u00f3ricamente ha sido desempe\u00f1ado por mujeres, pero tambi\u00e9n en comprender la importancia de compartir esta responsabilidad social entre todas y todos. Consideramos importante y positiva esta medida, que permite a quienes ejercen el rol de cuidadores ser excusados de la tarea de ser vocales de mesa o miembros del colegio escrutador\u201d.<\/p>\n\n\n\n<p>&nbsp;Desde el Servel, adem\u00e1s, informaron que durante las jornadas de votaci\u00f3n de este s\u00e1bado 26 y domingo 27 de octubre, los mayores de 70, las embarazadas y las personas con alguna discapacidad y personas calificadas como cuidadoras tendr\u00e1n preferencia a la hora de pasar a emitir sus votos.<\/p>\n\n\n\n<p><strong>OTRAS EXCUSAS<\/strong><\/p>\n\n\n\n<p>Los vocales que no puedan cumplir con su deber tienen la oportunidad de presentar excusas del 7 al 9 de octubre ante la Junta Electoral correspondiente. Sin embargo, el incumplimiento de esta obligaci\u00f3n conlleva sanciones, incluidas multas que var\u00edan entre 2 a 8 UTM, es decir, entre $132.000 y $531.000.<\/p>\n\n\n\n<p>Las razones establecidas por ley para excusarse son: Estar ausente del pa\u00eds o radicado a una distancia de m\u00e1s de 300 kil\u00f3metros; tener m\u00e1s de 70 a\u00f1os de edad, estar f\u00edsica o mentalmente imposibilitado de ejercer la funci\u00f3n, cumplir labores en establecimientos hospitalarios el d\u00eda de la elecci\u00f3n, las embarazadas y ser padre o madre de un hijo o hija menor de dos a\u00f1os.<\/p>\n\n\n\n<p>Para m\u00e1s informaci\u00f3n, las autoridades llaman a visitar la p\u00e1gina web servel.cl o las redes sociales del servicio para poder aclarar dudas.<\/p>\n","protected":false},"excerpt":{"rendered":"<p>Hasta el 9 de octubre las Juntas Electorales estar\u00e1n recibiendo las solicitudes. En la Regi\u00f3n de Coquimbo cerca de 9 mil personas est\u00e1n en el registro que acredita el cumplimiento de esta labor. Este 5 de octubre, el Servicio Electoral (Servel) dio a conocer la n\u00f3mina de vocales de mesa que participar\u00e1n de las elecciones [&hellip;]<\/p>\n","protected":false},"author":3,"featured_media":0,"comment_status":"open","ping_status":"open","sticky":false,"template":"","format":"standard","meta":{"_acf_changed":false,"footnotes":""},"categories":[1],"tags":[4359,258],"acf":[],"aioseo_notices":[],"_links":{"self":[{"href":"https:\/\/www.andacolloconectado.cl\/index.php\/wp-json\/wp\/v2\/posts\/15339"}],"collection":[{"href":"https:\/\/www.andacolloconectado.cl\/index.php\/wp-json\/wp\/v2\/posts"}],"about":[{"href":"https:\/\/www.andacolloconectado.cl\/index.php\/wp-json\/wp\/v2\/types\/post"}],"author":[{"embeddable":true,"href":"https:\/\/www.andacolloconectado.cl\/index.php\/wp-json\/wp\/v2\/users\/3"}],"replies":[{"embeddable":true,"href":"https:\/\/www.andacolloconectado.cl\/index.php\/wp-json\/wp\/v2\/comments?post=15339"}],"version-history":[{"count":1,"href":"https:\/\/www.andacolloconectado.cl\/index.php\/wp-json\/wp\/v2\/posts\/15339\/revisions"}],"predecessor-version":[{"id":15341,"href":"https:\/\/www.andacolloconectado.cl\/index.php\/wp-json\/wp\/v2\/posts\/15339\/revisions\/15341"}],"wp:attachment":[{"href":"https:\/\/www.andacolloconectado.cl\/index.php\/wp-json\/wp\/v2\/media?parent=15339"}],"wp:term":[{"taxonomy":"category","embeddable":true,"href":"https:\/\/www.andacolloconectado.cl\/index.php\/wp-json\/wp\/v2\/categories?post=15339"},{"taxonomy":"post_tag","embeddable":true,"href":"https:\/\/www.andacolloconectado.cl\/index.php\/wp-json\/wp\/v2\/tags?post=15339"}],"curies":[{"name":"wp","href":"https:\/\/api.w.org\/{rel}","templated":true}]}}