{"id":15597,"date":"2024-12-27T19:54:43","date_gmt":"2024-12-27T19:54:43","guid":{"rendered":"https:\/\/www.andacolloconectado.cl\/?p=15597"},"modified":"2024-12-27T19:54:44","modified_gmt":"2024-12-27T19:54:44","slug":"la-tradicional-fiesta-grande-se-vivio-con-gran-alegria-y-esperanza","status":"publish","type":"post","link":"https:\/\/www.andacolloconectado.cl\/index.php\/la-tradicional-fiesta-grande-se-vivio-con-gran-alegria-y-esperanza\/","title":{"rendered":"La tradicional \u201cFiesta Grande\u201d se vivi\u00f3 con gran alegr\u00eda y esperanza"},"content":{"rendered":"\n<p><em><strong>Con la novena, presidida en este a\u00f1o por el obispo auxiliar Mons. Enrique Balzan Caruana, se dio inicio a los actos de veneraci\u00f3n a la \u201cChinita de Andacollo\u201d. \u00c9sta comenz\u00f3 el domingo 15 y finaliz\u00f3 el 23 de diciembre. Mons. Balzan Caruana presidi\u00f3 tambi\u00e9n la solemne Eucarist\u00eda de Nochebuena, el martes 24, y la gran solemnidad de la Natividad del Se\u00f1or, el mi\u00e9rcoles 25.<\/strong><\/em><\/p>\n\n\n\n<p>El jueves 26, desde temprano, arribaron a la \u201cMonta\u00f1a Santa\u201d, miles de peregrinos, entre ellos numerosos bailes religiosos. A las 11:00 horas se dio inicio a la santa Misa principal que presidiera el arzobispo Ren\u00e9 Rebolledo Salinas, junto a Mons. Balzan Caruana, sacerdotes y di\u00e1conos, con la participaci\u00f3n fervorosa y entusiasta de los peregrinos.<\/p>\n\n\n\n<p>Al finalizar la santa Misa, el Senador Sergio Gaona, junto a los se\u00f1ores Gustavo Pacheco Villar y Eduardo Chiliquinga, presidente del Parlamento Andino y secretario general respectivamente, procedieron a hacer entrega al arzobispo Rebolledo Salinas de la Resoluci\u00f3n N\u00b035, la cual reconoce a la <strong>Fiesta Religiosa en Honor a la Virgen de Andacollo<\/strong> como <strong>Patrimonio Hist\u00f3rico y Cultural Inmaterial de la Regi\u00f3n Andina<\/strong>.<\/p>\n\n\n\n<p>Cabe destacar que el Parlamento Andino est\u00e1 compuesto por Per\u00fa, Bolivia, Ecuador, Colombia y Chile. Y con esta distinci\u00f3n la fiesta religiosa, es candidata a ser reconocida por la Unesco como patrimonio inmaterial de la humanidad.<\/p>\n\n\n\n<p>El arzobispo agradeci\u00f3 al Parlamento Andino esta gran distinci\u00f3n, dado el significado de la Fiesta Chica y la Grande para miles y miles de personas: \u201cEs la manifestaci\u00f3n de la fe del pueblo en Jesucristo Salvador, expresando tambi\u00e9n su devoci\u00f3n, gran amor y confianza a la Virgen santa. Ambas fiestas, la as\u00ed denominada Chica y la Grande, son acontecimientos eclesiales extraordinarios, donde los peregrinos, junto a los integrantes de los bailes religiosos, los anderos, los guardias de honor y miembros de &nbsp;tantas otras entidades, manifiestan su fe, celebran con fervor y esperanza, expresan sus sentimientos de gratitud y se conf\u00edan al Se\u00f1or y a su santa Madre para proseguir por el camino experimentado: subir a la monta\u00f1a, para acoger el gran don de Dios, Jesucristo nuestro Se\u00f1or. Seguir contando tambi\u00e9n con la materna intercesi\u00f3n de quien tanto aprecian, la Chinita de Andacollo.<\/p>\n\n\n\n<p>El rector del Santuario, el P. Adam Bartyzol, a prop\u00f3sito de la celebraci\u00f3n detall\u00f3: \u201cEs conmovedor ver c\u00f3mo el cari\u00f1o y la devoci\u00f3n a la Virgen Mar\u00eda nos lleva a Jes\u00fas. La Virgen Mar\u00eda es un \u201cpuente\u201d hacia nuestro Salvador, y la forma en que la comunidad de Andacollo la honra es un testimonio de su amor por Cristo\u201d. Mientras que Soledad Ibacache, peregrina de Ovalle, reconoce la belleza de esta gran demostraci\u00f3n de fe: \u201c\u00a1Esto es hermoso! Con este, yo he venido tres a\u00f1os seguidos y me parece todo muy lindo. Maravilloso ver como cada a\u00f1o m\u00e1s personas vienen con fe y devoci\u00f3n al encuentro con Cristo a trav\u00e9s de nuestra Madre\u201d, sentenci\u00f3.<\/p>\n\n\n\n<p>La Fiesta Grande de Andacollo 2024 cerr\u00f3 con una emotiva procesi\u00f3n por las calles centrales del pueblo, donde la devoci\u00f3n y gratitud de los fieles se hicieron palpables en cada flor lanzada a la imagen santa y en las oraciones a Ella elevadas. Este encuentro con la \u201cVirgen de la Monta\u00f1a\u201d no solo renov\u00f3 la fe de los peregrinos, sino que tambi\u00e9n dej\u00f3 una profunda huella de alegr\u00eda y esperanza en sus corazones, reflejo vivo de una comunidad que glorifica a Dios por los favores recibidos y la gracia de compartir la celebraci\u00f3n.<\/p>\n","protected":false},"excerpt":{"rendered":"<p>Con la novena, presidida en este a\u00f1o por el obispo auxiliar Mons. Enrique Balzan Caruana, se dio inicio a los actos de veneraci\u00f3n a la \u201cChinita de Andacollo\u201d. \u00c9sta comenz\u00f3 el domingo 15 y finaliz\u00f3 el 23 de diciembre. Mons. Balzan Caruana presidi\u00f3 tambi\u00e9n la solemne Eucarist\u00eda de Nochebuena, el martes 24, y la gran [&hellip;]<\/p>\n","protected":false},"author":3,"featured_media":0,"comment_status":"open","ping_status":"open","sticky":false,"template":"","format":"standard","meta":{"_acf_changed":false,"footnotes":""},"categories":[1],"tags":[232],"acf":[],"aioseo_notices":[],"_links":{"self":[{"href":"https:\/\/www.andacolloconectado.cl\/index.php\/wp-json\/wp\/v2\/posts\/15597"}],"collection":[{"href":"https:\/\/www.andacolloconectado.cl\/index.php\/wp-json\/wp\/v2\/posts"}],"about":[{"href":"https:\/\/www.andacolloconectado.cl\/index.php\/wp-json\/wp\/v2\/types\/post"}],"author":[{"embeddable":true,"href":"https:\/\/www.andacolloconectado.cl\/index.php\/wp-json\/wp\/v2\/users\/3"}],"replies":[{"embeddable":true,"href":"https:\/\/www.andacolloconectado.cl\/index.php\/wp-json\/wp\/v2\/comments?post=15597"}],"version-history":[{"count":1,"href":"https:\/\/www.andacolloconectado.cl\/index.php\/wp-json\/wp\/v2\/posts\/15597\/revisions"}],"predecessor-version":[{"id":15599,"href":"https:\/\/www.andacolloconectado.cl\/index.php\/wp-json\/wp\/v2\/posts\/15597\/revisions\/15599"}],"wp:attachment":[{"href":"https:\/\/www.andacolloconectado.cl\/index.php\/wp-json\/wp\/v2\/media?parent=15597"}],"wp:term":[{"taxonomy":"category","embeddable":true,"href":"https:\/\/www.andacolloconectado.cl\/index.php\/wp-json\/wp\/v2\/categories?post=15597"},{"taxonomy":"post_tag","embeddable":true,"href":"https:\/\/www.andacolloconectado.cl\/index.php\/wp-json\/wp\/v2\/tags?post=15597"}],"curies":[{"name":"wp","href":"https:\/\/api.w.org\/{rel}","templated":true}]}}