{"id":1563,"date":"2015-12-26T14:44:52","date_gmt":"2015-12-26T14:44:52","guid":{"rendered":"http:\/\/www.andacolloconectado.cl\/?p=1563"},"modified":"2015-12-26T14:44:52","modified_gmt":"2015-12-26T14:44:52","slug":"el-dia-de-la-virgen-del-rosario-de-andacollo","status":"publish","type":"post","link":"https:\/\/www.andacolloconectado.cl\/index.php\/el-dia-de-la-virgen-del-rosario-de-andacollo\/","title":{"rendered":"El d\u00eda de la Virgen del Rosario de Andacollo"},"content":{"rendered":"<p>Hoy se conmemora la coronaci\u00f3n de la Virgen del Rosario de Andacollo, es el D\u00eda\u00a0de la Virgen, donde llega la mayor cantidad de peregrinos hasta el Santuario, y\u00a0donde se realiza la Solemne Misa, este a\u00f1o presidida por el Arzobispo de La\u00a0Serena, Ren\u00e9 Rebolledo.<\/p>\n<p>Miles de fieles de la Chinita llegaron hasta la comuna de Andacollo a saludar,\u00a0agradecer y venerar a la Patrona de la Arquidi\u00f3cesis de La Serena, en medio del\u00a0fervor que traen los bailes religiosos.<\/p>\n<p>El P\u00e1rroco del Santuario, padre Eduardo Huerta se\u00f1ala \u201cesperamos que sea la\u00a0coronaci\u00f3n de un largo esfuerzo y tambi\u00e9n de una bendici\u00f3n grande que el Se\u00f1or\u00a0est\u00e1 preparando hoy d\u00eda para todo su pueblo, pensemos que Andacollo re\u00fane a\u00a0miles de peregrinos y devotos de Chile y tambi\u00e9n del extranjero, de manera que\u00a0ser\u00e1 una experiencia eclesial porque el pueblo celebra a la Virgen Mar\u00eda unido a sus pastores\u201d.<\/p>\n<p>Por su parte Monse\u00f1or Ren\u00e9 Rebolledo indic\u00f3 \u201chemos venido con sentimientos de\u00a0profunda gratitud por lo que el Se\u00f1or ha hecho en la vida de la sant\u00edsima Virgen\u00a0que aqu\u00ed es venerada como nuestra Madre, la Virgen Santa del Rosario de\u00a0Andacollo, por eso lo primero en nuestro coraz\u00f3n son sentimientos de profunda\u00a0gratitud\u201d.<\/p>\n<p>Monse\u00f1or se\u00f1al\u00f3 \u201ccada uno trae lo que est\u00e1 en su coraz\u00f3n, algunas personas\u00a0vienen con problemas, dificultades personales, familiares, traemos tambi\u00e9n los\u00a0sentimientos de nuestra patria, hay gente que ha venido desde el extranjero, todos\u00a0estamos en un clima de veneraci\u00f3n\u201d, agreg\u00f3 que \u201cquiero agradecer a la parroquia,\u00a0al alcalde de la comuna, a Carabineros, agradecer a tantos voluntarios que hoy\u00a0nos acogen con los brazos abiertos\u201d.<\/p>\n<p>A las 17:00 horas se realizar\u00e1 la Solemne Procesi\u00f3n que va a recorrer algunas\u00a0calles de Andacollo con la Santa Imagen acompa\u00f1ada por los bailes religiosos,\u00a0sacerdotes, fieles y peregrinos.<\/p>\n","protected":false},"excerpt":{"rendered":"<p>Hoy se conmemora la coronaci\u00f3n de la Virgen del Rosario de Andacollo, es el D\u00eda\u00a0de la Virgen, donde llega la mayor cantidad de peregrinos hasta el Santuario, y\u00a0donde se realiza la Solemne Misa, este a\u00f1o presidida por el Arzobispo de La\u00a0Serena, Ren\u00e9 Rebolledo. Miles de fieles de la Chinita llegaron hasta la comuna de Andacollo [&hellip;]<\/p>\n","protected":false},"author":3,"featured_media":0,"comment_status":"open","ping_status":"open","sticky":false,"template":"","format":"standard","meta":{"_acf_changed":false,"footnotes":""},"categories":[1],"tags":[239,232],"acf":[],"aioseo_notices":[],"_links":{"self":[{"href":"https:\/\/www.andacolloconectado.cl\/index.php\/wp-json\/wp\/v2\/posts\/1563"}],"collection":[{"href":"https:\/\/www.andacolloconectado.cl\/index.php\/wp-json\/wp\/v2\/posts"}],"about":[{"href":"https:\/\/www.andacolloconectado.cl\/index.php\/wp-json\/wp\/v2\/types\/post"}],"author":[{"embeddable":true,"href":"https:\/\/www.andacolloconectado.cl\/index.php\/wp-json\/wp\/v2\/users\/3"}],"replies":[{"embeddable":true,"href":"https:\/\/www.andacolloconectado.cl\/index.php\/wp-json\/wp\/v2\/comments?post=1563"}],"version-history":[{"count":1,"href":"https:\/\/www.andacolloconectado.cl\/index.php\/wp-json\/wp\/v2\/posts\/1563\/revisions"}],"predecessor-version":[{"id":1565,"href":"https:\/\/www.andacolloconectado.cl\/index.php\/wp-json\/wp\/v2\/posts\/1563\/revisions\/1565"}],"wp:attachment":[{"href":"https:\/\/www.andacolloconectado.cl\/index.php\/wp-json\/wp\/v2\/media?parent=1563"}],"wp:term":[{"taxonomy":"category","embeddable":true,"href":"https:\/\/www.andacolloconectado.cl\/index.php\/wp-json\/wp\/v2\/categories?post=1563"},{"taxonomy":"post_tag","embeddable":true,"href":"https:\/\/www.andacolloconectado.cl\/index.php\/wp-json\/wp\/v2\/tags?post=1563"}],"curies":[{"name":"wp","href":"https:\/\/api.w.org\/{rel}","templated":true}]}}