{"id":15805,"date":"2025-03-18T20:15:12","date_gmt":"2025-03-18T20:15:12","guid":{"rendered":"https:\/\/www.andacolloconectado.cl\/?p=15805"},"modified":"2025-03-18T20:15:13","modified_gmt":"2025-03-18T20:15:13","slug":"voluntarias-de-la-oficina-de-la-solidaridad-de-la-parroquia-de-andacollo-desarrollan-accion-social-para-quienes-lo-necesitan","status":"publish","type":"post","link":"https:\/\/www.andacolloconectado.cl\/index.php\/voluntarias-de-la-oficina-de-la-solidaridad-de-la-parroquia-de-andacollo-desarrollan-accion-social-para-quienes-lo-necesitan\/","title":{"rendered":"Voluntarias de la Oficina de la Solidaridad de la Parroquia de Andacollo desarrollan acci\u00f3n social para quienes lo necesitan"},"content":{"rendered":"\n<p>Actualmente, se encuentran ubicadas en casa Claret, y reciben alimentos no perecibles y donaciones para ayudar a las familias en tiempos complejos.&nbsp;<\/p>\n\n\n\n<p>Son alrededor de 80 personas las que reciben una bolsa de alimentos mensualmente, y todo lo que se recauda es gracias al trabajo de las tres voluntarias, Elizabeth Cort\u00e9s, Soledad Araya y Carmen Olivares. Mujeres solidarias que est\u00e1n dispuestas a contribuir en la ayuda social, sobre todo, para aquellos que m\u00e1s lo necesitan, y tambi\u00e9n a las donaciones de alimentos que realizan colaboradores y personas de la comuna.&nbsp;<\/p>\n\n\n\n<p>Al respecto, Elizabeth Cort\u00e9s, actualmente voluntaria de la Oficina de la Solidaridad y quien se desempe\u00f1\u00f3 como asistente social del Hospital de Andacollo, explic\u00f3 que, \u201ctrabajamos entregando alimentos a trav\u00e9s de donaciones que nos llegan desde distintas personas. Tambi\u00e9n, vendemos ropa usada para solventar los gastos cuando faltan insumos, porque la idea es mantener la ayuda estable\u201d.<\/p>\n\n\n\n<p>La oficina funciona lunes en la ma\u00f1ana y martes en la tarde, hasta ah\u00ed se pueden acercar quienes quieran cooperar con alimentos o con ropa para donar, adem\u00e1s quien necesite ayuda tambi\u00e9n puede acudir al lugar.&nbsp;<\/p>\n\n\n\n<p>La labor social que realizan estas tres mujeres es, sin duda, una acci\u00f3n de generosidad al pr\u00f3jimo, y por eso, Elizabeth manifest\u00f3, \u201cesto es algo muy satisfactorio, yo he trabajado toda la vida en el \u00e1mbito social, porque de profesi\u00f3n soy asistente social, entonces es satisfactorio ayudar, ver a las personas que necesitan ser apoyadas, valoradas, es algo lindo para nosotras\u201d.&nbsp;<\/p>\n","protected":false},"excerpt":{"rendered":"<p>Actualmente, se encuentran ubicadas en casa Claret, y reciben alimentos no perecibles y donaciones para ayudar a las familias en tiempos complejos.&nbsp; Son alrededor de 80 personas las que reciben una bolsa de alimentos mensualmente, y todo lo que se recauda es gracias al trabajo de las tres voluntarias, Elizabeth Cort\u00e9s, Soledad Araya y Carmen [&hellip;]<\/p>\n","protected":false},"author":3,"featured_media":0,"comment_status":"open","ping_status":"open","sticky":false,"template":"","format":"standard","meta":{"_acf_changed":false,"footnotes":""},"categories":[1],"tags":[4463,111,4464],"acf":[],"aioseo_notices":[],"_links":{"self":[{"href":"https:\/\/www.andacolloconectado.cl\/index.php\/wp-json\/wp\/v2\/posts\/15805"}],"collection":[{"href":"https:\/\/www.andacolloconectado.cl\/index.php\/wp-json\/wp\/v2\/posts"}],"about":[{"href":"https:\/\/www.andacolloconectado.cl\/index.php\/wp-json\/wp\/v2\/types\/post"}],"author":[{"embeddable":true,"href":"https:\/\/www.andacolloconectado.cl\/index.php\/wp-json\/wp\/v2\/users\/3"}],"replies":[{"embeddable":true,"href":"https:\/\/www.andacolloconectado.cl\/index.php\/wp-json\/wp\/v2\/comments?post=15805"}],"version-history":[{"count":1,"href":"https:\/\/www.andacolloconectado.cl\/index.php\/wp-json\/wp\/v2\/posts\/15805\/revisions"}],"predecessor-version":[{"id":15807,"href":"https:\/\/www.andacolloconectado.cl\/index.php\/wp-json\/wp\/v2\/posts\/15805\/revisions\/15807"}],"wp:attachment":[{"href":"https:\/\/www.andacolloconectado.cl\/index.php\/wp-json\/wp\/v2\/media?parent=15805"}],"wp:term":[{"taxonomy":"category","embeddable":true,"href":"https:\/\/www.andacolloconectado.cl\/index.php\/wp-json\/wp\/v2\/categories?post=15805"},{"taxonomy":"post_tag","embeddable":true,"href":"https:\/\/www.andacolloconectado.cl\/index.php\/wp-json\/wp\/v2\/tags?post=15805"}],"curies":[{"name":"wp","href":"https:\/\/api.w.org\/{rel}","templated":true}]}}