{"id":16255,"date":"2025-09-10T13:53:41","date_gmt":"2025-09-10T13:53:41","guid":{"rendered":"https:\/\/www.andacolloconectado.cl\/?p=16255"},"modified":"2025-09-10T13:53:42","modified_gmt":"2025-09-10T13:53:42","slug":"campeonato-de-cueca-une-a-vecinos-de-andacollo-en-sector-casuto","status":"publish","type":"post","link":"https:\/\/www.andacolloconectado.cl\/index.php\/campeonato-de-cueca-une-a-vecinos-de-andacollo-en-sector-casuto\/","title":{"rendered":"Campeonato de cueca une a vecinos de Andacollo en sector Casuto"},"content":{"rendered":"\n<p><strong><em>Tres juntas vecinales se coordinaron para realizar un evento lleno de tradici\u00f3n y alegr\u00eda en el marco de Fiestas Patrias.<\/em><\/strong><\/p>\n\n\n\n<p>En el sector Casuto, frente a la sede de la Junta de Vecinos N\u00b05, se vivi\u00f3 una jornada cargada de m\u00fasica, danza y comunidad gracias al campeonato de cueca organizado en conjunto por las juntas de vecinos del sector Mackenna, Villa El Sauce y la propia N\u00b05 del sector Casuto.<\/p>\n\n\n\n<p>La actividad reuni\u00f3 a familias y vecinos que se empaparon de la chilenidad en v\u00edsperas de Fiestas Patrias, con dos categor\u00edas de competencia: infantil y juvenil. En la primera, los ganadores fueron M\u00eda Ardiles y Benjam\u00edn Olivares, mientras que en la segunda se impusieron Francisca Mu\u00f1oz y Camilo Taiva.<\/p>\n\n\n\n<p>Por su parte, Jeanette Milla, presidenta de la Junta de Vecinos N\u00b05, resalt\u00f3 el trabajo mancomunado, y se\u00f1al\u00f3, \u201clo hemos organizado super bien en conjunto con las tres juntas de vecinos, hemos pedido colaboraci\u00f3n y sali\u00f3 todo muy bonito, trabajamos para los premios y para toda la actividad, es una experiencia muy linda y uno aprende mucho, les agradezco a todos por participar\u201d.<\/p>\n\n\n\n<p>En tanto, Narda Rojas, presidenta de la Junta de Vecinos N\u00b022 de Mackenna, destac\u00f3 que, \u201cla actividad est\u00e1 pensada en la comunidad, principalmente en las personas mayores, para que pudieran salir a recrearse en su propio sector y vivir las tradiciones chilenas\u201d.<\/p>\n\n\n\n<p>Finalmente, Constanza Rojas, jefa de DIDECO, valor\u00f3 la iniciativa, \u201cestoy muy contenta de participar en esta actividad, donde los vecinos tienen la organizaci\u00f3n y de eso se trata, de poder juntarse y comunicarse para desarrollar este tipo de actividades de la chilenidad, que nuestras tradiciones no se pierdan y que todos puedan disfrutar\u201d.<\/p>\n\n\n\n<p>El campeonato de cueca no solo permite fortalecer la vida comunitaria, sino que tambi\u00e9n reafirma el compromiso de los vecinos con la preservaci\u00f3n y difusi\u00f3n de las tradiciones chilenas, m\u00e1s a\u00fan, en v\u00edspera de la celebraci\u00f3n del 18 de septiembre, donde la cultura y el patrimonio se hace m\u00e1s presente que nunca en todos los rincones del pa\u00eds.<\/p>\n","protected":false},"excerpt":{"rendered":"<p>Tres juntas vecinales se coordinaron para realizar un evento lleno de tradici\u00f3n y alegr\u00eda en el marco de Fiestas Patrias. En el sector Casuto, frente a la sede de la Junta de Vecinos N\u00b05, se vivi\u00f3 una jornada cargada de m\u00fasica, danza y comunidad gracias al campeonato de cueca organizado en conjunto por las juntas [&hellip;]<\/p>\n","protected":false},"author":3,"featured_media":0,"comment_status":"open","ping_status":"open","sticky":false,"template":"","format":"standard","meta":{"_acf_changed":false,"footnotes":""},"categories":[1],"tags":[1176],"acf":[],"aioseo_notices":[],"_links":{"self":[{"href":"https:\/\/www.andacolloconectado.cl\/index.php\/wp-json\/wp\/v2\/posts\/16255"}],"collection":[{"href":"https:\/\/www.andacolloconectado.cl\/index.php\/wp-json\/wp\/v2\/posts"}],"about":[{"href":"https:\/\/www.andacolloconectado.cl\/index.php\/wp-json\/wp\/v2\/types\/post"}],"author":[{"embeddable":true,"href":"https:\/\/www.andacolloconectado.cl\/index.php\/wp-json\/wp\/v2\/users\/3"}],"replies":[{"embeddable":true,"href":"https:\/\/www.andacolloconectado.cl\/index.php\/wp-json\/wp\/v2\/comments?post=16255"}],"version-history":[{"count":1,"href":"https:\/\/www.andacolloconectado.cl\/index.php\/wp-json\/wp\/v2\/posts\/16255\/revisions"}],"predecessor-version":[{"id":16258,"href":"https:\/\/www.andacolloconectado.cl\/index.php\/wp-json\/wp\/v2\/posts\/16255\/revisions\/16258"}],"wp:attachment":[{"href":"https:\/\/www.andacolloconectado.cl\/index.php\/wp-json\/wp\/v2\/media?parent=16255"}],"wp:term":[{"taxonomy":"category","embeddable":true,"href":"https:\/\/www.andacolloconectado.cl\/index.php\/wp-json\/wp\/v2\/categories?post=16255"},{"taxonomy":"post_tag","embeddable":true,"href":"https:\/\/www.andacolloconectado.cl\/index.php\/wp-json\/wp\/v2\/tags?post=16255"}],"curies":[{"name":"wp","href":"https:\/\/api.w.org\/{rel}","templated":true}]}}