{"id":16354,"date":"2025-10-20T15:41:05","date_gmt":"2025-10-20T15:41:05","guid":{"rendered":"https:\/\/www.andacolloconectado.cl\/?p=16354"},"modified":"2025-10-20T15:41:06","modified_gmt":"2025-10-20T15:41:06","slug":"andacollo-fue-sede-del-festival-claretiano-voces-de-fe-instrumentos-de-esperanza","status":"publish","type":"post","link":"https:\/\/www.andacolloconectado.cl\/index.php\/andacollo-fue-sede-del-festival-claretiano-voces-de-fe-instrumentos-de-esperanza\/","title":{"rendered":"Andacollo fue sede del Festival Claretiano \u201cVoces de fe, instrumentos de esperanza\u201d"},"content":{"rendered":"\n<p><strong><em>El Colegio Parroquial contin\u00faa celebrando sus 190 a\u00f1os, y esta vez fue escenario de un encuentro que reuni\u00f3 a comunidades claretianas del pa\u00eds en un fin de semana lleno de m\u00fasica, fe y fraternidad.<\/em><\/strong><\/p>\n\n\n\n<p>El pasado fin de semana, el Colegio Parroquial de Andacollo fue el lugar del Encuentro de Animadores y Festival Claretiano. La jornada reuni\u00f3 a estudiantes, animadores y comunidades claretianas, quienes compartieron experiencias de formaci\u00f3n, reflexi\u00f3n, m\u00fasica y alegr\u00eda.<\/p>\n\n\n\n<p>Con canciones in\u00e9ditas inspiradas en la identidad claretiana y el legado de San Antonio Mar\u00eda Claret, estudiantes y animadores de distintos colegios se congregaron en Andacollo para participar de este evento, una instancia que combin\u00f3 arte, espiritualidad y comunidad bajo el lema \u201cVoces de fe, Instrumentos de Esperanza\u201d.<\/p>\n\n\n\n<p>El festival present\u00f3 canciones in\u00e9ditas que expresaron el carisma y la identidad claretiana, as\u00ed como los valores del Jubileo. Los ganadores fueron: 1\u00b0 lugar: Instituto Claret de Temuco, con las canciones \u201cCaminos de Esperanza\u201d y \u201cSe llama Esperanza\u201d. 2\u00b0 lugar: Colegio Coraz\u00f3n de Mar\u00eda de Antofagasta, con \u201cPeregrinos del Amor\u201d. 3\u00b0 lugar: Colegio Parroquial de Andacollo, con \u201cFuego en el Alma\u201d.<\/p>\n\n\n\n<p>Tambi\u00e9n se entregaron menciones honrosas a la Escuela Especial Claret por \u201cEsperanza Cada D\u00eda\u201d y al Colegio Parroquial por \u201cClaretianos, la Esperanza en el Coraz\u00f3n\u201d.<\/p>\n\n\n\n<p>Para Jenny Carmona, directora del Colegio Parroquial, el encuentro fue una experiencia llena de emociones y espiritualidad, \u201cha sido muy hermoso, es un encuentro lleno de alegr\u00eda, de fe, de esperanza, donde nos pudimos reunir los colegios de Antofagasta y de Temuco, m\u00e1s nuestro Colegio Parroquial, que ha sido un excelente anfitri\u00f3n. Hemos tenido muchas emociones, muchas actividades durante estos d\u00edas, pero especialmente viviendo desde la fe. Felicitamos al Instituto Claret por haber ganado y ya nos estamos preparando para el pr\u00f3ximo festival en octubre de 2026 en el colegio Coraz\u00f3n de Mar\u00eda de Antofagasta\u201d.<\/p>\n\n\n\n<p>Por su parte, el misionero claretiano y superior provincial Jos\u00e9 Abarza, destac\u00f3 la hospitalidad de la comunidad andacollina y el valor espiritual del encuentro y se\u00f1al\u00f3, \u201cpara nosotros es un encuentro muy especial porque ha permitido conocer este lugar a quienes han venido de otras partes, ver lo m\u00e1gico que tiene, me refiero a todo lo que significa lo cultural, su historia y obviamente lo trascendental junto a la Virgen, la Chinita de Andacollo. Los chicos se van con una mochila del coraz\u00f3n llena de experiencias, momentos asombrosos, fraternidad y alegr\u00eda. La comuna y el colegio se han portado por un 7 en toda la preparaci\u00f3n\u201d.<\/p>\n\n\n\n<p>El evento concluy\u00f3 con una jornada llena de m\u00fasica y esperanza, reafirmando el compromiso de las comunidades claretianas con su misi\u00f3n educativa y evangelizadora, y, por supuesto, destacando la hospitalidad de la comuna y del anfitri\u00f3n del evento, el Colegio Parroquial de Andacollo.<\/p>\n","protected":false},"excerpt":{"rendered":"<p>El Colegio Parroquial contin\u00faa celebrando sus 190 a\u00f1os, y esta vez fue escenario de un encuentro que reuni\u00f3 a comunidades claretianas del pa\u00eds en un fin de semana lleno de m\u00fasica, fe y fraternidad. El pasado fin de semana, el Colegio Parroquial de Andacollo fue el lugar del Encuentro de Animadores y Festival Claretiano. La [&hellip;]<\/p>\n","protected":false},"author":3,"featured_media":0,"comment_status":"open","ping_status":"open","sticky":false,"template":"","format":"standard","meta":{"_acf_changed":false,"footnotes":""},"categories":[1],"tags":[4575],"acf":[],"aioseo_notices":[],"_links":{"self":[{"href":"https:\/\/www.andacolloconectado.cl\/index.php\/wp-json\/wp\/v2\/posts\/16354"}],"collection":[{"href":"https:\/\/www.andacolloconectado.cl\/index.php\/wp-json\/wp\/v2\/posts"}],"about":[{"href":"https:\/\/www.andacolloconectado.cl\/index.php\/wp-json\/wp\/v2\/types\/post"}],"author":[{"embeddable":true,"href":"https:\/\/www.andacolloconectado.cl\/index.php\/wp-json\/wp\/v2\/users\/3"}],"replies":[{"embeddable":true,"href":"https:\/\/www.andacolloconectado.cl\/index.php\/wp-json\/wp\/v2\/comments?post=16354"}],"version-history":[{"count":1,"href":"https:\/\/www.andacolloconectado.cl\/index.php\/wp-json\/wp\/v2\/posts\/16354\/revisions"}],"predecessor-version":[{"id":16356,"href":"https:\/\/www.andacolloconectado.cl\/index.php\/wp-json\/wp\/v2\/posts\/16354\/revisions\/16356"}],"wp:attachment":[{"href":"https:\/\/www.andacolloconectado.cl\/index.php\/wp-json\/wp\/v2\/media?parent=16354"}],"wp:term":[{"taxonomy":"category","embeddable":true,"href":"https:\/\/www.andacolloconectado.cl\/index.php\/wp-json\/wp\/v2\/categories?post=16354"},{"taxonomy":"post_tag","embeddable":true,"href":"https:\/\/www.andacolloconectado.cl\/index.php\/wp-json\/wp\/v2\/tags?post=16354"}],"curies":[{"name":"wp","href":"https:\/\/api.w.org\/{rel}","templated":true}]}}