{"id":16380,"date":"2025-10-28T14:39:20","date_gmt":"2025-10-28T14:39:20","guid":{"rendered":"https:\/\/www.andacolloconectado.cl\/?p=16380"},"modified":"2025-10-28T15:12:00","modified_gmt":"2025-10-28T15:12:00","slug":"andacollo-vivio-su-primera-noche-de-museos-con-gran-exito-y-emotivos-homenajes","status":"publish","type":"post","link":"https:\/\/www.andacolloconectado.cl\/index.php\/andacollo-vivio-su-primera-noche-de-museos-con-gran-exito-y-emotivos-homenajes\/","title":{"rendered":"Andacollo vivi\u00f3 su primera \u201cNoche de Museos\u201d con gran \u00e9xito y emotivos homenajes"},"content":{"rendered":"\n<p><strong><em>Con una destacada participaci\u00f3n ciudadana y el trabajo conjunto de diversas organizaciones locales, el pasado viernes se realiz\u00f3 la primera versi\u00f3n de la \u201cNoche de Museos\u201d, una iniciativa que uni\u00f3 cultura, historia y patrimonio en una jornada llena de identidad y emoci\u00f3n.<\/em><\/strong><\/p>\n\n\n\n<p>El evento fue organizado por la <strong>agrupaci\u00f3n cultural Yahu\u00edn<\/strong>, el <strong>Santuario de Nuestra Se\u00f1ora del Rosario<\/strong>y la <strong>agrupaci\u00f3n Andacollo Patrimonial<\/strong>, y cont\u00f3 con el respaldo del <strong>Ministerio de las Culturas, las Artes y el Patrimonio<\/strong>.<\/p>\n\n\n\n<p>Durante la jornada, los asistentes participaron en <strong>visitas guiadas<\/strong> por distintos espacios culturales de la comuna. En la <strong>sala museogr\u00e1fica Yahu\u00edn<\/strong>, la gu\u00eda estuvo a cargo de <strong>Carmen Gloria Mart\u00ednez<\/strong>, mientras que en el <strong>Museo de Ofrendas<\/strong>, los visitantes fueron recibidos por el personaje hist\u00f3rico <strong>Quiteria Varas<\/strong>, quien entreg\u00f3 un relato vivencial de la historia local.<\/p>\n\n\n\n<p>La actividad culmin\u00f3 en el <strong>Museo Minero de Andacollo<\/strong>, donde se realiz\u00f3 un momento muy especial: la <strong>bendici\u00f3n de una nueva figura escult\u00f3rica que representa a la mujer minera<\/strong>, obra del artesano <strong>Alfredo Di Salvo<\/strong>. Esta creaci\u00f3n rinde homenaje a todas las mujeres que han sido parte fundamental de la miner\u00eda andacollina a lo largo de los siglos, tanto en labores de apoyo como en faenas activas.<\/p>\n\n\n\n<p>La directora del Museo Minero, <strong>Gina Videla<\/strong>, destac\u00f3 que la iniciativa fue posible gracias a los recursos obtenidos mediante una subvenci\u00f3n municipal. \u201cA trav\u00e9s de la agrupaci\u00f3n Andacollo Patrimonial se postul\u00f3 este a\u00f1o a la subvenci\u00f3n municipal, recursos que nos permitieron que el artesano Alfredo Di Salvo pudiese confeccionar la cuarta figura que hay en el museo, que es la figura de la mujer minera, que representa a todas las mujeres que por siglos tambi\u00e9n han apoyado la labor de la miner\u00eda y que hoy muchas de ellas trabajan en las faenas mineras artesanales\u201d, se\u00f1al\u00f3.<\/p>\n\n\n\n<p>Dicha figura es de<strong> la minera andacollina Teresa Hern\u00e1ndez<\/strong>, quien tuvo con <strong>70 a\u00f1os de trayectoria<\/strong> en la miner\u00eda artesanal, siendo reconocida como un s\u00edmbolo de esfuerzo y perseverancia en la comuna.<\/p>\n\n\n\n<p>\u201cCon estas tres actividades se culmin\u00f3 la Noche de Museos, donde participaron muchas personas y se transmitieron a trav\u00e9s del Facebook de Andacollo y Se\u00f1al 6 Televisi\u00f3n. Todo esto nos hace sentir muy contentos de que organizaciones sociales se entusiasmen y sean parte de esta actividad. Como directora del Museo Minero, me siento muy feliz de poder desarrollar este tipo de instancias en la comuna, que adem\u00e1s forman parte de una convocatoria del Ministerio de las Culturas, las Artes y el Patrimonio\u201d, agreg\u00f3 la directora del Museo Minero.<\/p>\n\n\n\n<p>La <strong>Noche de Museos<\/strong>dej\u00f3 una huella significativa en la comunidad, consolidando el valor del <strong>trabajo colaborativo entre las organizaciones culturales, patrimoniales y religiosas de Andacollo<\/strong>, en torno a la puesta en valor de su historia y su identidad minera.<\/p>\n","protected":false},"excerpt":{"rendered":"<p>Con una destacada participaci\u00f3n ciudadana y el trabajo conjunto de diversas organizaciones locales, el pasado viernes se realiz\u00f3 la primera versi\u00f3n de la \u201cNoche de Museos\u201d, una iniciativa que uni\u00f3 cultura, historia y patrimonio en una jornada llena de identidad y emoci\u00f3n. El evento fue organizado por la agrupaci\u00f3n cultural Yahu\u00edn, el Santuario de Nuestra [&hellip;]<\/p>\n","protected":false},"author":3,"featured_media":0,"comment_status":"open","ping_status":"open","sticky":false,"template":"","format":"standard","meta":{"_acf_changed":false,"footnotes":""},"categories":[1],"tags":[4579],"acf":[],"aioseo_notices":[],"_links":{"self":[{"href":"https:\/\/www.andacolloconectado.cl\/index.php\/wp-json\/wp\/v2\/posts\/16380"}],"collection":[{"href":"https:\/\/www.andacolloconectado.cl\/index.php\/wp-json\/wp\/v2\/posts"}],"about":[{"href":"https:\/\/www.andacolloconectado.cl\/index.php\/wp-json\/wp\/v2\/types\/post"}],"author":[{"embeddable":true,"href":"https:\/\/www.andacolloconectado.cl\/index.php\/wp-json\/wp\/v2\/users\/3"}],"replies":[{"embeddable":true,"href":"https:\/\/www.andacolloconectado.cl\/index.php\/wp-json\/wp\/v2\/comments?post=16380"}],"version-history":[{"count":2,"href":"https:\/\/www.andacolloconectado.cl\/index.php\/wp-json\/wp\/v2\/posts\/16380\/revisions"}],"predecessor-version":[{"id":16383,"href":"https:\/\/www.andacolloconectado.cl\/index.php\/wp-json\/wp\/v2\/posts\/16380\/revisions\/16383"}],"wp:attachment":[{"href":"https:\/\/www.andacolloconectado.cl\/index.php\/wp-json\/wp\/v2\/media?parent=16380"}],"wp:term":[{"taxonomy":"category","embeddable":true,"href":"https:\/\/www.andacolloconectado.cl\/index.php\/wp-json\/wp\/v2\/categories?post=16380"},{"taxonomy":"post_tag","embeddable":true,"href":"https:\/\/www.andacolloconectado.cl\/index.php\/wp-json\/wp\/v2\/tags?post=16380"}],"curies":[{"name":"wp","href":"https:\/\/api.w.org\/{rel}","templated":true}]}}