{"id":16423,"date":"2025-11-13T14:34:31","date_gmt":"2025-11-13T14:34:31","guid":{"rendered":"https:\/\/www.andacolloconectado.cl\/?p=16423"},"modified":"2025-11-13T14:34:32","modified_gmt":"2025-11-13T14:34:32","slug":"pasantias-culturales-de-la-escuela-de-talentos-andacollo-curacautin-un-encuentro-de-hermandad-y-sabiduria-comunitaria","status":"publish","type":"post","link":"https:\/\/www.andacolloconectado.cl\/index.php\/pasantias-culturales-de-la-escuela-de-talentos-andacollo-curacautin-un-encuentro-de-hermandad-y-sabiduria-comunitaria\/","title":{"rendered":"Pasant\u00edas Culturales de la Escuela de Talentos Andacollo \u2013 Curacaut\u00edn, un encuentro de hermandad y sabidur\u00eda comunitaria"},"content":{"rendered":"\n<p>Entre el 5 al 10 de noviembre, estudiantes, apoderados y monitores de la Escuela de Talentos Andacollinos realizaron un extenso viaje a la Regi\u00f3n de la Araucan\u00eda, en el marco del programa de pasant\u00edas culturales con el objetivo de compartir experiencias, conocer otras realidades socio-culturales y recorrer distintos territorios de nuestro pa\u00eds.<\/p>\n\n\n\n<p>Es en este contexto el grupo de artistas viaj\u00f3 a la comuna de Curacaut\u00edn, en la Regi\u00f3n de La Araucan\u00eda, donde realiz\u00f3 una intensa y significativa agenda de presentaciones y actividades art\u00edsticas, di\u00e1logos multiculturales y encuentro cultural comunitario.<\/p>\n\n\n\n<p><strong>Presentaci\u00f3n en Escuela Rural Santa Emma<\/strong><\/p>\n\n\n\n<p>Fueron d\u00edas intensos y memorables; la Escuela Santa Emma, un peque\u00f1o establecimiento rural de la comuna de Curacaut\u00edn abri\u00f3 sus puertas con una calidez que solo se encuentra en las comunidades donde el aprendizaje y la vida se entrelazan con el campo y la gente sencilla.<\/p>\n\n\n\n<p>All\u00ed, el grupo realiz\u00f3 na emotiva presentaci\u00f3n que llen\u00f3 de ritmo y energ\u00eda el patio de la escuela; aplausos, sonrisas, miradas inquietas, bailes, se gest\u00f3 una profunda conexi\u00f3n de amor y alegr\u00eda entre los presentes de ambos territorios.<\/p>\n\n\n\n<p>Tambi\u00e9n estuvo presente, el taller de Astronom\u00eda llevando su magia al encuentro. Con paciencia y entusiasmo, sus integrantes introdujeron a los ni\u00f1os y ni\u00f1as en los misterios del cielo, hablaron de la importancia de observar y proteger nuestros astros, y concluyeron la jornada con una actividad que combin\u00f3 ciencia y juego: la confecci\u00f3n y lanzamiento de cohetes, s\u00edmbolo perfecto del impulso que mueve a los sue\u00f1os cuando se apuntan alto.<\/p>\n\n\n\n<p><strong>Presentaci\u00f3n y Ensamble en la Sociedad de Socorros Mutuos de Curacaut\u00edn<\/strong><\/p>\n\n\n\n<p>La Sociedad de Socorros Mutuos de Curacaut\u00edn, fue otro de los escenarios donde la agrupaci\u00f3n musical de la Escuela de Talentos, junto a un ensamble de artistas de Andacollo y las actrices de la agrupaci\u00f3n local Mujer, Arte y Locura, ofrecieron un espect\u00e1culo vibrante, lleno de color y emoci\u00f3n, en un recinto colmado de un p\u00fablico entusiasta que celebr\u00f3 cada interpretaci\u00f3n con genuina alegr\u00eda.<\/p>\n\n\n\n<p>Tras la m\u00fasica, lleg\u00f3 el momento del conversatorio, un espacio de encuentro donde los habitantes de Curacaut\u00edn y los visitantes de Andacollo compartieron reflexiones en torno al arte y la cultura como un tejido que une realidades distintas, pero cercanas en esp\u00edritu. En cada palabra se respir\u00f3 comunidad; en cada gesto, la convicci\u00f3n de que el arte sigue siendo uno de los caminos m\u00e1s nobles para reconocernos y construir juntos futuro.<\/p>\n\n\n\n<p><strong>Conectar kimun Ancestral<\/strong><\/p>\n\n\n\n<p>Uno de los m\u00e1s significativos y movilizadores, encuentros se produjo donde el grupo tuvo la oportunidad de compartir con el lonco de la comunidad mapuche-pehuenche, Benancio Huenchupan; para conocer la cosmovisi\u00f3n de un pueblo ancestral, su conexi\u00f3n con la tierra y la naturaleza. All\u00ed, en un contexto rodeado de bosques y caudalosos r\u00edos, pudieron conectar, compartir y aprender desde la mirada del otro, comprender la realidad de los territorios, sus luchas y el rescate de lo ancestral.&nbsp; La experiencia fue, sin duda, transformadora y colmada de naturaleza y sabidur\u00eda.<\/p>\n\n\n\n<p><strong>Presentaci\u00f3n y Conversatorio en Lonquimay<\/strong><\/p>\n\n\n\n<p>Como cierre de los intercambios culturales la delegaci\u00f3n fue invitada por una la Organizaci\u00f3n Procultural de Lonquimay para realizar presentaci\u00f3n y conversatorio en la cordillerana comuna, donde se realiz\u00f3 adem\u00e1s un ensamble art\u00edstico con la agrupaci\u00f3n teatral Mujer Arte y Locura de Curacaut\u00edn.<\/p>\n\n\n\n<p>All\u00ed, junto a artistas y gestores del lugar, se compartieron experiencias, historias y sue\u00f1os; se reconocieron las diferencias, pero tambi\u00e9n los puntos en com\u00fan que unen a Andacollo y Curacaut\u00edn bajo la misma certeza: que el arte y la educaci\u00f3n tienen el poder de transformar vidas.<\/p>\n\n\n\n<p><strong>Todas las Manos Todas<\/strong><\/p>\n\n\n\n<p>Al momento de agradecer no podemos dejar pasar el apoyo y presencia en las actividades de Daniela Quintana, encargada de la Oficina de Cultura de la Municipalidad de Curacaut\u00edn <a href=\"https:\/\/www.facebook.com\/profile.php?id=61561975186488&amp;__cft__%5b0%5d=AZXhexQVaxZWbp1VaQF1C_vTJToNkaDgAf1NxLfHe3aYzodt2wuyHkL_lMrWtG3zjfNjqMxQjoiGKWICDCDyNo6ynC7OvblhaI00OYbN092We0vwaoC7Dp6F63ny2rHaZllv2LoOi_m_tTOMVDimxlN2R4gnauTC5t2fD83YjL9IdGfl6k1iRibf1SENCdRccTg&amp;__tn__=-%5dK-R\"><strong>Oficina de Cultura &#8211; Curacaut\u00edn<\/strong><\/a> quien, junto a su equipo, hicieron posible log\u00edstica y la visita a la Escuela Santa Emma. Del mismo modo, agradecemos la presencia de los concejales Bernardino Godoy e Irina Sandoval, de esa comuna, quienes con su presencia dieron realce al encuentro en la Sociedad de Socorros Mutuos.<strong><\/strong><\/p>\n\n\n\n<p><strong>Un viaje con prop\u00f3sito<\/strong><\/p>\n\n\n\n<p><strong>De esta manera Curacaut\u00edn y Lonquimay, <\/strong>se convirtieron en un escenario natural de hermandad, saberes comunitarios y ancestrales; donde j\u00f3venes de Andacollo llevaron su cari\u00f1o y talento. &nbsp;Teniendo la oportunidad, adem\u00e1s, de conocer otros paisajes y geograf\u00edas; historia de ni\u00f1os y j\u00f3venes rurales; realidades culturales cordilleranas extremas y del mundo mapuche pehuenche.<\/p>\n\n\n\n<p>Las pasant\u00edas culturales de la Escuela de Talentos Andacollinos marcan as\u00ed un camino de futuro donde las comunidades son protagonistas. Consolidar un corredor cultural con Curacaut\u00edn y Lonquimay, donde resuenen, no solo la m\u00fasica y el arte, sino tambi\u00e9n el ideal de que nuestras localidades, por m\u00e1s peque\u00f1as que parezcan en el mapa, tienen voces, memorias, talentos y futuro. Y que esos talentos pueden cruzar fronteras, tejer lazos, inspirar.<\/p>\n\n\n\n<p>Que la cultura sea veh\u00edculo de identidad, de di\u00e1logo, de crecimiento; que Andacollo sea parte activa de ese tejido; que cada participante vuelva con nuevas alas, y cada espectador o espectadora se convierta en testigo de esta apuesta colectiva por una cultura viva, diversa, unida y colaborativa.<\/p>\n\n\n\n<p>La Escuela de Talentos Andacollinos es un proyecto con 12 a\u00f1os de trayectoria, ejecutado por la Agrupaci\u00f3n Cultural Maray, patrocinado por la Municipalidad de Andacollo, financiado por Compa\u00f1\u00eda Teck Carmen de Andacollo y el Ministerio de las Culturas, las Artes y el Patrimonio a trav\u00e9s de Ley de Donaciones Culturales. &nbsp;<\/p>\n","protected":false},"excerpt":{"rendered":"<p>Entre el 5 al 10 de noviembre, estudiantes, apoderados y monitores de la Escuela de Talentos Andacollinos realizaron un extenso viaje a la Regi\u00f3n de la Araucan\u00eda, en el marco del programa de pasant\u00edas culturales con el objetivo de compartir experiencias, conocer otras realidades socio-culturales y recorrer distintos territorios de nuestro pa\u00eds. Es en este [&hellip;]<\/p>\n","protected":false},"author":3,"featured_media":0,"comment_status":"open","ping_status":"open","sticky":false,"template":"","format":"standard","meta":{"_acf_changed":false,"footnotes":""},"categories":[1],"tags":[188],"acf":[],"aioseo_notices":[],"_links":{"self":[{"href":"https:\/\/www.andacolloconectado.cl\/index.php\/wp-json\/wp\/v2\/posts\/16423"}],"collection":[{"href":"https:\/\/www.andacolloconectado.cl\/index.php\/wp-json\/wp\/v2\/posts"}],"about":[{"href":"https:\/\/www.andacolloconectado.cl\/index.php\/wp-json\/wp\/v2\/types\/post"}],"author":[{"embeddable":true,"href":"https:\/\/www.andacolloconectado.cl\/index.php\/wp-json\/wp\/v2\/users\/3"}],"replies":[{"embeddable":true,"href":"https:\/\/www.andacolloconectado.cl\/index.php\/wp-json\/wp\/v2\/comments?post=16423"}],"version-history":[{"count":1,"href":"https:\/\/www.andacolloconectado.cl\/index.php\/wp-json\/wp\/v2\/posts\/16423\/revisions"}],"predecessor-version":[{"id":16425,"href":"https:\/\/www.andacolloconectado.cl\/index.php\/wp-json\/wp\/v2\/posts\/16423\/revisions\/16425"}],"wp:attachment":[{"href":"https:\/\/www.andacolloconectado.cl\/index.php\/wp-json\/wp\/v2\/media?parent=16423"}],"wp:term":[{"taxonomy":"category","embeddable":true,"href":"https:\/\/www.andacolloconectado.cl\/index.php\/wp-json\/wp\/v2\/categories?post=16423"},{"taxonomy":"post_tag","embeddable":true,"href":"https:\/\/www.andacolloconectado.cl\/index.php\/wp-json\/wp\/v2\/tags?post=16423"}],"curies":[{"name":"wp","href":"https:\/\/api.w.org\/{rel}","templated":true}]}}