{"id":16426,"date":"2025-11-13T19:42:59","date_gmt":"2025-11-13T19:42:59","guid":{"rendered":"https:\/\/www.andacolloconectado.cl\/?p=16426"},"modified":"2025-11-13T19:43:02","modified_gmt":"2025-11-13T19:43:02","slug":"escuela-luis-cruz-martinez-celebro-la-ceremonia-de-los-primeros-lectores-destacando-el-sello-patrimonial-del-establecimiento","status":"publish","type":"post","link":"https:\/\/www.andacolloconectado.cl\/index.php\/escuela-luis-cruz-martinez-celebro-la-ceremonia-de-los-primeros-lectores-destacando-el-sello-patrimonial-del-establecimiento\/","title":{"rendered":"Escuela Luis Cruz Mart\u00ednez celebr\u00f3 la ceremonia de los primeros lectores destacando el sello patrimonial del establecimiento"},"content":{"rendered":"\n<p>En un ambiente lleno de emoci\u00f3n y orgullo, el pasado martes se realiz\u00f3 la tradicional <strong>ceremonia <\/strong>instancia en la que los estudiantes de primer a\u00f1o b\u00e1sico demostraron los avances alcanzados durante el a\u00f1o escolar.<\/p>\n\n\n\n<p>La actividad tuvo como elemento central el <strong>sello patrimonial<\/strong> que caracteriza al establecimiento, ya que los ni\u00f1os presentaron <strong>lecturas inspiradas en cuentos de la cultura Diaguita<\/strong>, fortaleciendo as\u00ed la identidad local y el v\u00ednculo con las ra\u00edces culturales de la zona.<\/p>\n\n\n\n<p>La directora del establecimiento, <strong>Mariana Ruz<\/strong>, expres\u00f3 su alegr\u00eda por el logro de los estudiantes y el compromiso de toda la comunidad educativa, \u201cestoy muy feliz, muy orgullosa de la comunidad. Integramos apoderados, profesores, asistentes de la educaci\u00f3n, equipo directivo, porque cuando los ni\u00f1os aprenden a leer, se completa un proceso, pero se abren otras puertas al saber, al conocimiento, a la aventura, a la alegr\u00eda. Como Escuela estamos felices de que nuestros ni\u00f1os demuestren en un ambiente muy familiar que han aprendido a leer\u201d, se\u00f1al\u00f3.<\/p>\n\n\n\n<p>Por su parte, la profesora de primer a\u00f1o, <strong>Maritza Milla<\/strong>, valor\u00f3 el esfuerzo y entusiasmo de los estudiantes en este importante hito de su formaci\u00f3n. \u201cEstoy muy emocionada de haber culminado esta meta propuesta para este a\u00f1o, que mis ni\u00f1os lograran leer. Estoy muy orgullosa de ellos, porque fue su esfuerzo y aprendieron con emoci\u00f3n, alegr\u00eda y la ayuda de los padres y apoderados, y tambi\u00e9n en la comunidad educativa. Todos somos importantes en estos logros de los estudiantes\u201d, destac\u00f3.<\/p>\n\n\n\n<p>La ceremonia finaliz\u00f3 con la presentaci\u00f3n art\u00edstica de los estudiantes y un reconocimiento especial a las familias que acompa\u00f1aron el proceso de aprendizaje, reafirmando el compromiso de la escuela con la educaci\u00f3n integral y el fortalecimiento de la identidad cultural local.<\/p>\n","protected":false},"excerpt":{"rendered":"<p>En un ambiente lleno de emoci\u00f3n y orgullo, el pasado martes se realiz\u00f3 la tradicional ceremonia instancia en la que los estudiantes de primer a\u00f1o b\u00e1sico demostraron los avances alcanzados durante el a\u00f1o escolar. La actividad tuvo como elemento central el sello patrimonial que caracteriza al establecimiento, ya que los ni\u00f1os presentaron lecturas inspiradas en [&hellip;]<\/p>\n","protected":false},"author":3,"featured_media":0,"comment_status":"open","ping_status":"open","sticky":false,"template":"","format":"standard","meta":{"_acf_changed":false,"footnotes":""},"categories":[1],"tags":[189],"acf":[],"aioseo_notices":[],"_links":{"self":[{"href":"https:\/\/www.andacolloconectado.cl\/index.php\/wp-json\/wp\/v2\/posts\/16426"}],"collection":[{"href":"https:\/\/www.andacolloconectado.cl\/index.php\/wp-json\/wp\/v2\/posts"}],"about":[{"href":"https:\/\/www.andacolloconectado.cl\/index.php\/wp-json\/wp\/v2\/types\/post"}],"author":[{"embeddable":true,"href":"https:\/\/www.andacolloconectado.cl\/index.php\/wp-json\/wp\/v2\/users\/3"}],"replies":[{"embeddable":true,"href":"https:\/\/www.andacolloconectado.cl\/index.php\/wp-json\/wp\/v2\/comments?post=16426"}],"version-history":[{"count":1,"href":"https:\/\/www.andacolloconectado.cl\/index.php\/wp-json\/wp\/v2\/posts\/16426\/revisions"}],"predecessor-version":[{"id":16428,"href":"https:\/\/www.andacolloconectado.cl\/index.php\/wp-json\/wp\/v2\/posts\/16426\/revisions\/16428"}],"wp:attachment":[{"href":"https:\/\/www.andacolloconectado.cl\/index.php\/wp-json\/wp\/v2\/media?parent=16426"}],"wp:term":[{"taxonomy":"category","embeddable":true,"href":"https:\/\/www.andacolloconectado.cl\/index.php\/wp-json\/wp\/v2\/categories?post=16426"},{"taxonomy":"post_tag","embeddable":true,"href":"https:\/\/www.andacolloconectado.cl\/index.php\/wp-json\/wp\/v2\/tags?post=16426"}],"curies":[{"name":"wp","href":"https:\/\/api.w.org\/{rel}","templated":true}]}}