{"id":16459,"date":"2025-11-24T14:48:32","date_gmt":"2025-11-24T14:48:32","guid":{"rendered":"https:\/\/www.andacolloconectado.cl\/?p=16459"},"modified":"2025-11-24T14:48:33","modified_gmt":"2025-11-24T14:48:33","slug":"fanuzzia-rodriguez-ale-la-andacollina-que-lleva-la-belleza-de-chile-a-miss-europa-continental","status":"publish","type":"post","link":"https:\/\/www.andacolloconectado.cl\/index.php\/fanuzzia-rodriguez-ale-la-andacollina-que-lleva-la-belleza-de-chile-a-miss-europa-continental\/","title":{"rendered":"Fanuzzia Rodr\u00edguez Ale: la andacollina que lleva la belleza de Chile a Miss Europa Continental"},"content":{"rendered":"\n<p>Con solo 23 a\u00f1os, la joven se ha convertido en un orgullo para la comuna y para todo Chile. Actualmente representa al pa\u00eds en el prestigioso concurso, llevando con ella no solo su belleza y talento, sino tambi\u00e9n la identidad de su tierra.<\/p>\n\n\n\n<p>M\u00e1s all\u00e1 de las pasarelas y las coronas, Fannuzia tiene una clara pasi\u00f3n: el mundo de la belleza. Esta vocaci\u00f3n la llev\u00f3 a formarse profesionalmente y hoy puede decir con orgullo que es <strong>cosmet\u00f3loga, esteticista, maquilladora profesional y modelo profesional<\/strong>. \u201cUna de mis mayores pasiones es la belleza, ya que adem\u00e1s de ayudar a las personas a sentirse bellas, es algo que me da mucha gratificaci\u00f3n y eso me hace verdaderamente feliz\u201d, coment\u00f3.<\/p>\n\n\n\n<p>En su camino en los cert\u00e1menes, no ha estado sola. La figura de su madre ha sido clave como inspiraci\u00f3n y apoyo incondicional. \u201cLa primera persona que me inspir\u00f3 en este camino de los concursos de belleza fue mi madre. Me contaba y me mostraba fotos de los concursos en los que hab\u00eda participado a mi edad, lo cual fue mi primera motivaci\u00f3n. Cuando tom\u00e9 la decisi\u00f3n de participar, ella fue mi primer apoyo en todo\u201d, relata. A esa inspiraci\u00f3n se suma tambi\u00e9n el ejemplo de <strong>Cecilia Bolocco<\/strong>, la primera chilena en ganar Miss Universo, quien marc\u00f3 un antes y un despu\u00e9s en la historia de la belleza nacional.<\/p>\n\n\n\n<p>Sobre el concepto de belleza, Fannuzia tiene una mirada profunda y muy humana. Para ella, la belleza f\u00edsica es solo una parte,<br>\u201cpara m\u00ed, tu belleza interior es mucho m\u00e1s importante, c\u00f3mo eres como persona, c\u00f3mo tratas a los dem\u00e1s, tu empat\u00eda, tus valores. Creo que la belleza f\u00edsica no vale mucho si no eres bella de coraz\u00f3n\u201d.<\/p>\n\n\n\n<p>En ese sentido, destac\u00f3 que ser Miss no solo requiere presencia esc\u00e9nica, sino tambi\u00e9n un car\u00e1cter fuerte y valores s\u00f3lidos. Entre los principales valores que la gu\u00edan menciona el <strong>respeto<\/strong>, la <strong>empat\u00eda<\/strong> y la <strong>humildad<\/strong>. \u201cSiento que me he nutrido de estos hermosos valores a lo largo de mi vida, y estoy muy agradecida por ello, junto con el carisma que representa mi personalidad\u201d, afirm\u00f3.<\/p>\n\n\n\n<p>Su trayectoria en competencias nacionales e internacionales le ha dejado importantes aprendizajes. Recuerda con cari\u00f1o las experiencias vividas y los v\u00ednculos creados con otras participantes, estilistas, maquilladores y dise\u00f1adores. \u201cAprend\u00ed much\u00edsimo, tambi\u00e9n aprend\u00ed a trabajar bajo presi\u00f3n, lo cual me ayud\u00f3 much\u00edsimo. Participar en una concentraci\u00f3n nacional e internacional, a pesar de ser d\u00edas agotadores, es una de las experiencias m\u00e1s hermosas que he tenido, y por eso sigo participando\u201d, se\u00f1al\u00f3.<\/p>\n\n\n\n<p>Representar a Chile en Miss Europa Continental es, para ella, un desaf\u00edo emocionante y un honor inmenso. \u201cEs un honor y un orgullo representar a mi maravilloso pa\u00eds, Chile, en un concurso tan prestigioso como Miss Europa Continental, y pretendo hacerlo de la mejor manera posible\u201d, asegur\u00f3 la andacollina.<\/p>\n\n\n\n<p>Con una fuerte vocaci\u00f3n social, Fannuzia tambi\u00e9n se proyecta como <strong>emprendedora, influencer, activista o embajadora de causas sociales<\/strong>. \u201cSiempre he querido ser un ejemplo a seguir para los dem\u00e1s, y siento que lo he logrado con los a\u00f1os. Me considero 100% capaz de impulsar muchas ideas si me lo propongo, buscando la innovaci\u00f3n para impulsar grandes proyectos, actividades o, por as\u00ed decirlo, causas sociales\u201d.<\/p>\n\n\n\n<p>Mirando hacia el futuro, Fannuzia se visualiza como una mujer plena y realizada, a lo cual dijo<br>\u201csiempre me he enfocado en ser mejor que ayer, una mujer valiente que va tras sus sue\u00f1os sin pensar mucho en ello y, en definitiva, siempre me visualizo como una mujer realizada, feliz y exitosa\u201d.<\/p>\n\n\n\n<p>Finalmente, entreg\u00f3 un poderoso mensaje a las y los j\u00f3venes que la observan y sue\u00f1an con seguir caminos similares,<br>Invit\u00f3 a <strong>no rendirse<\/strong>, a luchar por los sue\u00f1os, a no permitir que las opiniones externas apaguen sus metas y a recordar siempre que, aunque el camino sea dif\u00edcil y existan inseguridades, <strong>siempre se puede volver a empezar<\/strong>.<\/p>\n\n\n\n<p>Con su carisma, perseverancia y profundo sentido de la belleza interior, Fannuzia Rodr\u00edguez Ale se posiciona como un ejemplo de liderazgo femenino, inspiraci\u00f3n y orgullo para Andacollo, para la Regi\u00f3n de Coquimbo y para todo Chile.<\/p>\n","protected":false},"excerpt":{"rendered":"<p>Con solo 23 a\u00f1os, la joven se ha convertido en un orgullo para la comuna y para todo Chile. Actualmente representa al pa\u00eds en el prestigioso concurso, llevando con ella no solo su belleza y talento, sino tambi\u00e9n la identidad de su tierra. M\u00e1s all\u00e1 de las pasarelas y las coronas, Fannuzia tiene una clara [&hellip;]<\/p>\n","protected":false},"author":3,"featured_media":0,"comment_status":"open","ping_status":"open","sticky":false,"template":"","format":"standard","meta":{"_acf_changed":false,"footnotes":""},"categories":[1],"tags":[4590],"acf":[],"aioseo_notices":[],"_links":{"self":[{"href":"https:\/\/www.andacolloconectado.cl\/index.php\/wp-json\/wp\/v2\/posts\/16459"}],"collection":[{"href":"https:\/\/www.andacolloconectado.cl\/index.php\/wp-json\/wp\/v2\/posts"}],"about":[{"href":"https:\/\/www.andacolloconectado.cl\/index.php\/wp-json\/wp\/v2\/types\/post"}],"author":[{"embeddable":true,"href":"https:\/\/www.andacolloconectado.cl\/index.php\/wp-json\/wp\/v2\/users\/3"}],"replies":[{"embeddable":true,"href":"https:\/\/www.andacolloconectado.cl\/index.php\/wp-json\/wp\/v2\/comments?post=16459"}],"version-history":[{"count":1,"href":"https:\/\/www.andacolloconectado.cl\/index.php\/wp-json\/wp\/v2\/posts\/16459\/revisions"}],"predecessor-version":[{"id":16461,"href":"https:\/\/www.andacolloconectado.cl\/index.php\/wp-json\/wp\/v2\/posts\/16459\/revisions\/16461"}],"wp:attachment":[{"href":"https:\/\/www.andacolloconectado.cl\/index.php\/wp-json\/wp\/v2\/media?parent=16459"}],"wp:term":[{"taxonomy":"category","embeddable":true,"href":"https:\/\/www.andacolloconectado.cl\/index.php\/wp-json\/wp\/v2\/categories?post=16459"},{"taxonomy":"post_tag","embeddable":true,"href":"https:\/\/www.andacolloconectado.cl\/index.php\/wp-json\/wp\/v2\/tags?post=16459"}],"curies":[{"name":"wp","href":"https:\/\/api.w.org\/{rel}","templated":true}]}}