{"id":16475,"date":"2025-11-27T14:47:55","date_gmt":"2025-11-27T14:47:55","guid":{"rendered":"https:\/\/www.andacolloconectado.cl\/?p=16475"},"modified":"2025-11-27T14:47:56","modified_gmt":"2025-11-27T14:47:56","slug":"inolvidable-presentacion-de-la-orquesta-sinfonica-del-colegio-de-artes-claudio-arrau-en-la-basilica-menor-de-andacollo","status":"publish","type":"post","link":"https:\/\/www.andacolloconectado.cl\/index.php\/inolvidable-presentacion-de-la-orquesta-sinfonica-del-colegio-de-artes-claudio-arrau-en-la-basilica-menor-de-andacollo\/","title":{"rendered":"Inolvidable presentaci\u00f3n de la Orquesta Sinf\u00f3nica del Colegio de Artes Claudio Arrau en la Bas\u00edlica Menor de Andacollo"},"content":{"rendered":"\n<p>En el marco de la Semana de la Educaci\u00f3n P\u00fablica 2025, el <strong>Servicio Local de Educaci\u00f3n P\u00fablica Puerto Cordillera<\/strong> realiz\u00f3 la presentaci\u00f3n \u201cDe Mar a Cordillera\u201d, un significativo encuentro art\u00edstico que reuni\u00f3 a la Orquesta Sinf\u00f3nica Juvenil del Colegio de Artes Claudio Arrau de Coquimbo y a la Orquesta Municipal de Andacollo en la Bas\u00edlica Menor de Andacollo, un espacio patrimonial cargado de historia y profundo valor espiritual para la comunidad.<\/p>\n\n\n\n<p>La ceremonia cont\u00f3 con la participaci\u00f3n de la directora ejecutiva suplente del SLEP Puerto Cordillera, Cecilia Brito Guerra, quien entreg\u00f3 un saludo destacando el rol transformador del arte en la formaci\u00f3n integral de ni\u00f1as, ni\u00f1os y j\u00f3venes. \u201cInstancias como esta nos recuerdan que la Educaci\u00f3n P\u00fablica no solo forma en conocimientos, sino tambi\u00e9n en sensibilidad, identidad y pertenencia. A trav\u00e9s de la m\u00fasica, nuestras comunidades educativas se conectan, se expresan y fortalecen la construcci\u00f3n de un territorio m\u00e1s humano y colaborativo\u201d, se\u00f1al\u00f3.<\/p>\n\n\n\n<p>Asimismo, estuvo presente el alcalde subrogante de la Ilustre Municipalidad de Andacollo, Wilson N\u00fa\u00f1ez, junto a autoridades locales, equipos directivos, docentes, familias y vecinas y vecinos de la comuna, quienes repletaron la Bas\u00edlica para disfrutar de esta jornada musical.<\/p>\n\n\n\n<p>La Orquesta Sinf\u00f3nica Juvenil del Colegio de Artes Claudio Arrau, fundada en 2002 y dirigida actualmente por el maestro Gustavo Molina Campos, interpret\u00f3 un variado programa dividido en dos partes, que incluy\u00f3 obras de John Williams, Tchaikovsky, Schubert, Holst, Bizet y un repertorio latinoamericano con piezas como <em>Socoroma<\/em>, <em>Resistir\u00e9<\/em>, <em>Suite Altipl\u00e1nica<\/em>, <em>Suite Latinoamericana<\/em> y el tradicional <em>Humahuaque\u00f1o<\/em>. Al finalizar su presentaci\u00f3n, el maestro Gustavo Molina destac\u00f3 la relevancia de tocar en un espacio tan simb\u00f3lico como la Bas\u00edlica Menor. \u201cPara nuestros ha sido una experiencia profundamente significativa. Tocar en este lugar, tan lleno de historia y espiritualidad, genera un v\u00ednculo emocional que trasciende lo musical. Es una oportunidad para crecer como artistas, pero tambi\u00e9n como personas, entendiendo el valor del arte como una herramienta de encuentro, respeto y comunidad\u201d, expres\u00f3 el director.<\/p>\n\n\n\n<p>Por su parte, Claudia Godoy, estudiante e integrante de la orquesta, comparti\u00f3 la emoci\u00f3n vivida durante el concierto. \u201cFue una experiencia maravillosa. Nunca hab\u00edamos tocado en un lugar tan especial, con tanta historia y energ\u00eda. Sentir la ac\u00fastica de la Bas\u00edlica y ver c\u00f3mo la gente nos escuchaba con tanta atenci\u00f3n nos hizo tocar con el coraz\u00f3n. Es un momento que no vamos a olvidar\u201d, coment\u00f3 la estudiante.<\/p>\n\n\n\n<p>De igual manera se present\u00f3 la Orquesta Municipal de Andacollo, proyecto impulsado por la Municipalidad de Andacollo y conformado por estudiantes de distintos establecimientos de la comuna. Iniciada en junio de 2024, la orquesta \u2014dirigida por la profesora Claudia Wilson N.\u2014 es un elenco de nivel inicial que actualmente trabaja principalmente con instrumentos de cuerda, proyectando su crecimiento hacia una futura conformaci\u00f3n sinf\u00f3nica.<\/p>\n\n\n\n<p>El encuentro musical puso en valor el trabajo colaborativo, fortaleciendo la identidad cultural y el compromiso de las comunidades educativas con el desarrollo art\u00edstico y humano de sus estudiantes.<\/p>\n\n\n\n<p>El SLEP Puerto Cordillera agradeci\u00f3 a la Bas\u00edlica Menor de Andacollo y a su rector, padre Fernando Vega Cort\u00e9s, por abrir las puertas de este importante espacio patrimonial para una jornada que uni\u00f3 m\u00fasica, cultura y comunidad.<\/p>\n","protected":false},"excerpt":{"rendered":"<p>En el marco de la Semana de la Educaci\u00f3n P\u00fablica 2025, el Servicio Local de Educaci\u00f3n P\u00fablica Puerto Cordillera realiz\u00f3 la presentaci\u00f3n \u201cDe Mar a Cordillera\u201d, un significativo encuentro art\u00edstico que reuni\u00f3 a la Orquesta Sinf\u00f3nica Juvenil del Colegio de Artes Claudio Arrau de Coquimbo y a la Orquesta Municipal de Andacollo en la Bas\u00edlica [&hellip;]<\/p>\n","protected":false},"author":3,"featured_media":0,"comment_status":"open","ping_status":"open","sticky":false,"template":"","format":"standard","meta":{"_acf_changed":false,"footnotes":""},"categories":[1],"tags":[4596],"acf":[],"aioseo_notices":[],"_links":{"self":[{"href":"https:\/\/www.andacolloconectado.cl\/index.php\/wp-json\/wp\/v2\/posts\/16475"}],"collection":[{"href":"https:\/\/www.andacolloconectado.cl\/index.php\/wp-json\/wp\/v2\/posts"}],"about":[{"href":"https:\/\/www.andacolloconectado.cl\/index.php\/wp-json\/wp\/v2\/types\/post"}],"author":[{"embeddable":true,"href":"https:\/\/www.andacolloconectado.cl\/index.php\/wp-json\/wp\/v2\/users\/3"}],"replies":[{"embeddable":true,"href":"https:\/\/www.andacolloconectado.cl\/index.php\/wp-json\/wp\/v2\/comments?post=16475"}],"version-history":[{"count":1,"href":"https:\/\/www.andacolloconectado.cl\/index.php\/wp-json\/wp\/v2\/posts\/16475\/revisions"}],"predecessor-version":[{"id":16477,"href":"https:\/\/www.andacolloconectado.cl\/index.php\/wp-json\/wp\/v2\/posts\/16475\/revisions\/16477"}],"wp:attachment":[{"href":"https:\/\/www.andacolloconectado.cl\/index.php\/wp-json\/wp\/v2\/media?parent=16475"}],"wp:term":[{"taxonomy":"category","embeddable":true,"href":"https:\/\/www.andacolloconectado.cl\/index.php\/wp-json\/wp\/v2\/categories?post=16475"},{"taxonomy":"post_tag","embeddable":true,"href":"https:\/\/www.andacolloconectado.cl\/index.php\/wp-json\/wp\/v2\/tags?post=16475"}],"curies":[{"name":"wp","href":"https:\/\/api.w.org\/{rel}","templated":true}]}}