{"id":16571,"date":"2025-12-30T15:07:03","date_gmt":"2025-12-30T15:07:03","guid":{"rendered":"https:\/\/www.andacolloconectado.cl\/?p=16571"},"modified":"2025-12-30T15:07:05","modified_gmt":"2025-12-30T15:07:05","slug":"emotiva-ceremonia-de-titulacion-se-realizo-en-el-liceo-pedro-regalado-videla-de-andacollo","status":"publish","type":"post","link":"https:\/\/www.andacolloconectado.cl\/index.php\/emotiva-ceremonia-de-titulacion-se-realizo-en-el-liceo-pedro-regalado-videla-de-andacollo\/","title":{"rendered":"Emotiva ceremonia de titulaci\u00f3n se realiz\u00f3 en el Liceo Pedro Regalado Videla de Andacollo"},"content":{"rendered":"\n<p>Con la participaci\u00f3n de estudiantes titulados, padres, apoderados y autoridades, el liceo andacollino celebr\u00f3 la instancia que marc\u00f3 el cierre de un importante proceso formativo para 42 j\u00f3venes que culminaron su educaci\u00f3n t\u00e9cnico-profesional.<\/p>\n\n\n\n<p>La actividad destac\u00f3 el esfuerzo y perseverancia de los estudiantes, quienes finalizaron una trayectoria educativa de cinco a\u00f1os que incluy\u00f3 formaci\u00f3n acad\u00e9mica y pr\u00e1ctica profesional, consolidando as\u00ed su preparaci\u00f3n para el mundo laboral o la continuidad de estudios en la educaci\u00f3n superior.<\/p>\n\n\n\n<p>La directora del establecimiento, Mar\u00eda Lorena Araya, valor\u00f3 profundamente este hito educativo, se\u00f1alando que, \u201cestamos muy contentas del t\u00e9rmino de un proceso, ingresamos en primero medio y terminamos luego de la pr\u00e1ctica profesional de nuestros estudiantes, as\u00ed que tenemos un proceso de 5 a\u00f1os juntos. Para nosotros es un tremendo orgullo que nuestros alumnos completen su trayectoria educativa y los instamos tambi\u00e9n a seguir estudiando. Es importante nunca dejar de formarse en distintas instancias\u201d.<\/p>\n\n\n\n<p>Desde la voz de los propios titulados, Bernardo Vega, egresado de la especialidad de Administraci\u00f3n, expres\u00f3 su emoci\u00f3n por este logro, indicando que, \u201crecib\u00ed este t\u00edtulo con mucha emoci\u00f3n. Fue un camino muy arduo que necesitaba mucho esfuerzo y mi visi\u00f3n a futuro es seguir con mi vocaci\u00f3n, darla a conocer, ense\u00f1arla. Adem\u00e1s recib\u00ed el premio del esp\u00edritu emprendedor. El liceo siempre me ha destacado por el esfuerzo, persistencia y por seguir adelante\u201d.<\/p>\n\n\n\n<p>En tanto, Ana\u00eds Flores, titulada de la especialidad de Electricidad, destac\u00f3 el valor que tiene este logro para los j\u00f3venes de la comuna, manifestando que, \u201crecibo mi t\u00edtulo con alegr\u00eda y orgullo porque nosotros aqu\u00ed de un pueblo pudimos salir con un t\u00edtulo y no en todos lados se da. Estamos todos agradecidos de esta etapa y de este t\u00edtulo que nos permite ir a trabajar. Fue un proceso muy lindo con mis compa\u00f1eros, los profes, todo. Muy lindo y emocionante\u201d.<\/p>\n\n\n\n<p>La ceremonia cont\u00f3 tambi\u00e9n con la presencia del alcalde de Andacollo, Juan Carlos Alfaro, quien destac\u00f3 la importancia de la formaci\u00f3n t\u00e9cnica para el desarrollo del pa\u00eds y la comuna. \u201cEs una jornada muy emotiva, yo trabaj\u00e9 ac\u00e1 20 a\u00f1os y me alegro por los j\u00f3venes que hoy d\u00eda se est\u00e1n titulando. Ellos ya salieron de 4\u00b0 medio hace un a\u00f1o algunos, otros dos a\u00f1os, pero hoy d\u00eda es la titulaci\u00f3n y se est\u00e1n titulando de t\u00e9cnicos que hacen mucha falta en nuestro pa\u00eds. Espero que les vaya muy bien, esto es una etapa m\u00e1s en sus vidas, pero ahora viene tambi\u00e9n la vida del trabajo, que es muy importante, el ser aporte para la sociedad\u201d.<\/p>\n\n\n\n<p>Esta ceremonia reafirma el compromiso del Liceo Pedro Regalado Videla con la educaci\u00f3n t\u00e9cnica de calidad, el fortalecimiento de las trayectorias educativas y el desarrollo de oportunidades para los j\u00f3venes de Andacollo.<\/p>\n","protected":false},"excerpt":{"rendered":"<p>Con la participaci\u00f3n de estudiantes titulados, padres, apoderados y autoridades, el liceo andacollino celebr\u00f3 la instancia que marc\u00f3 el cierre de un importante proceso formativo para 42 j\u00f3venes que culminaron su educaci\u00f3n t\u00e9cnico-profesional. La actividad destac\u00f3 el esfuerzo y perseverancia de los estudiantes, quienes finalizaron una trayectoria educativa de cinco a\u00f1os que incluy\u00f3 formaci\u00f3n acad\u00e9mica [&hellip;]<\/p>\n","protected":false},"author":3,"featured_media":0,"comment_status":"open","ping_status":"open","sticky":false,"template":"","format":"standard","meta":{"_acf_changed":false,"footnotes":""},"categories":[1],"tags":[56],"acf":[],"aioseo_notices":[],"_links":{"self":[{"href":"https:\/\/www.andacolloconectado.cl\/index.php\/wp-json\/wp\/v2\/posts\/16571"}],"collection":[{"href":"https:\/\/www.andacolloconectado.cl\/index.php\/wp-json\/wp\/v2\/posts"}],"about":[{"href":"https:\/\/www.andacolloconectado.cl\/index.php\/wp-json\/wp\/v2\/types\/post"}],"author":[{"embeddable":true,"href":"https:\/\/www.andacolloconectado.cl\/index.php\/wp-json\/wp\/v2\/users\/3"}],"replies":[{"embeddable":true,"href":"https:\/\/www.andacolloconectado.cl\/index.php\/wp-json\/wp\/v2\/comments?post=16571"}],"version-history":[{"count":1,"href":"https:\/\/www.andacolloconectado.cl\/index.php\/wp-json\/wp\/v2\/posts\/16571\/revisions"}],"predecessor-version":[{"id":16573,"href":"https:\/\/www.andacolloconectado.cl\/index.php\/wp-json\/wp\/v2\/posts\/16571\/revisions\/16573"}],"wp:attachment":[{"href":"https:\/\/www.andacolloconectado.cl\/index.php\/wp-json\/wp\/v2\/media?parent=16571"}],"wp:term":[{"taxonomy":"category","embeddable":true,"href":"https:\/\/www.andacolloconectado.cl\/index.php\/wp-json\/wp\/v2\/categories?post=16571"},{"taxonomy":"post_tag","embeddable":true,"href":"https:\/\/www.andacolloconectado.cl\/index.php\/wp-json\/wp\/v2\/tags?post=16571"}],"curies":[{"name":"wp","href":"https:\/\/api.w.org\/{rel}","templated":true}]}}