{"id":16727,"date":"2026-02-18T14:35:39","date_gmt":"2026-02-18T14:35:39","guid":{"rendered":"https:\/\/www.andacolloconectado.cl\/?p=16727"},"modified":"2026-02-18T14:35:40","modified_gmt":"2026-02-18T14:35:40","slug":"consulta-indigena-marca-avance-en-actualizacion-del-plan-regulador-comunal-de-andacollo","status":"publish","type":"post","link":"https:\/\/www.andacolloconectado.cl\/index.php\/consulta-indigena-marca-avance-en-actualizacion-del-plan-regulador-comunal-de-andacollo\/","title":{"rendered":"Consulta ind\u00edgena marca avance en actualizaci\u00f3n del Plan Regulador Comunal de Andacollo"},"content":{"rendered":"\n<p>Este lunes, en la Biblioteca P\u00fablica Cirujano Videla se desarroll\u00f3 una consulta ind\u00edgena enmarcada en el proceso de elaboraci\u00f3n del Plan Regulador Comunal de Andacollo, instancia que cont\u00f3 con la participaci\u00f3n de integrantes de agrupaciones ind\u00edgenas de la comuna.<\/p>\n\n\n\n<p>La actividad forma parte del proceso de actualizaci\u00f3n del Plan Regulador Comunal, instrumento clave para la planificaci\u00f3n urbana y el ordenamiento territorial de la comuna. Tras la finalizaci\u00f3n de esta etapa, el proceso continuar\u00e1 con la consulta p\u00fablica del plan, para posteriormente ser sometido a la aprobaci\u00f3n del Consejo Municipal y finalmente del Ministerio de Vivienda y Urbanismo, organismo encargado de su validaci\u00f3n definitiva.<\/p>\n\n\n\n<p>La encargada regional de CONADI, Katty Roco, destac\u00f3 la relevancia de la participaci\u00f3n de las comunidades en este proceso. \u201cPara nosotros es s\u00faper importante esto, porque la idea es que las comunidades sean part\u00edcipes de este proceso. Hay que destacar la disposici\u00f3n del alcalde de poder tener estos espacios para que las personas se informen y tengan conocimiento de cada uno de los lugares urbanos, considerando el crecimiento que ha tenido la comuna, ya que el plan regulador vigente data desde el a\u00f1o 1993. Tambi\u00e9n es importante considerar c\u00f3mo se ha desarrollado la formaci\u00f3n de nuevas comunidades y agrupaciones\u201d, se\u00f1al\u00f3.<\/p>\n\n\n\n<p>Por su parte, el alcalde de Andacollo, Juan Carlos Alfaro, valor\u00f3 la instancia de participaci\u00f3n ciudadana y el aporte de la comunidad en el proceso de actualizaci\u00f3n. \u201cEstamos en esta consulta ind\u00edgena, para el proyecto de Plan Regulador Comunal de Andacollo, que corresponde a una actualizaci\u00f3n. Existe un consultor que est\u00e1 llevando adelante el proceso, pero adem\u00e1s est\u00e1 el municipio. Esperamos que las personas realicen todas las preguntas y sugerencias que correspondan, ya que su participaci\u00f3n es fundamental para el bienestar de toda la comuna\u201d, indic\u00f3.<\/p>\n\n\n\n<p>En tanto, el arquitecto encargado del estudio de actualizaci\u00f3n del Plan Regulador Comunal, Cristian Bustos, explic\u00f3 que la consulta ind\u00edgena contempla diversas etapas establecidas por CONADI, y explic\u00f3, \u201cla consulta ind\u00edgena es parte del procedimiento de actualizaci\u00f3n del plan y contempla todos los pasos que establece CONADI. Esta es la primera reuni\u00f3n donde se explica a los participantes en qu\u00e9 consiste el Plan Regulador y el proceso de consulta ind\u00edgena. Posteriormente se realizar\u00e1 una etapa de entrega de informaci\u00f3n para que puedan revisar y analizar internamente la propuesta, y finalmente se desarrollar\u00e1 una fase de di\u00e1logo en la que podr\u00e1n presentar observaciones y propuestas, las que incluso podr\u00edan ser incorporadas mediante acuerdos con el Consejo Municipal como etapa final del proceso\u201d.<\/p>\n\n\n\n<p>La actualizaci\u00f3n del Plan Regulador Comunal busca responder al crecimiento urbano de Andacollo y promover una planificaci\u00f3n territorial participativa, incorporando la visi\u00f3n y los aportes de las comunidades ind\u00edgenas y de la ciudadan\u00eda en general.<\/p>\n","protected":false},"excerpt":{"rendered":"<p>Este lunes, en la Biblioteca P\u00fablica Cirujano Videla se desarroll\u00f3 una consulta ind\u00edgena enmarcada en el proceso de elaboraci\u00f3n del Plan Regulador Comunal de Andacollo, instancia que cont\u00f3 con la participaci\u00f3n de integrantes de agrupaciones ind\u00edgenas de la comuna. La actividad forma parte del proceso de actualizaci\u00f3n del Plan Regulador Comunal, instrumento clave para la [&hellip;]<\/p>\n","protected":false},"author":3,"featured_media":0,"comment_status":"open","ping_status":"open","sticky":false,"template":"","format":"standard","meta":{"_acf_changed":false,"footnotes":""},"categories":[1],"tags":[4641],"acf":[],"aioseo_notices":[],"_links":{"self":[{"href":"https:\/\/www.andacolloconectado.cl\/index.php\/wp-json\/wp\/v2\/posts\/16727"}],"collection":[{"href":"https:\/\/www.andacolloconectado.cl\/index.php\/wp-json\/wp\/v2\/posts"}],"about":[{"href":"https:\/\/www.andacolloconectado.cl\/index.php\/wp-json\/wp\/v2\/types\/post"}],"author":[{"embeddable":true,"href":"https:\/\/www.andacolloconectado.cl\/index.php\/wp-json\/wp\/v2\/users\/3"}],"replies":[{"embeddable":true,"href":"https:\/\/www.andacolloconectado.cl\/index.php\/wp-json\/wp\/v2\/comments?post=16727"}],"version-history":[{"count":1,"href":"https:\/\/www.andacolloconectado.cl\/index.php\/wp-json\/wp\/v2\/posts\/16727\/revisions"}],"predecessor-version":[{"id":16729,"href":"https:\/\/www.andacolloconectado.cl\/index.php\/wp-json\/wp\/v2\/posts\/16727\/revisions\/16729"}],"wp:attachment":[{"href":"https:\/\/www.andacolloconectado.cl\/index.php\/wp-json\/wp\/v2\/media?parent=16727"}],"wp:term":[{"taxonomy":"category","embeddable":true,"href":"https:\/\/www.andacolloconectado.cl\/index.php\/wp-json\/wp\/v2\/categories?post=16727"},{"taxonomy":"post_tag","embeddable":true,"href":"https:\/\/www.andacolloconectado.cl\/index.php\/wp-json\/wp\/v2\/tags?post=16727"}],"curies":[{"name":"wp","href":"https:\/\/api.w.org\/{rel}","templated":true}]}}