{"id":16731,"date":"2026-02-19T13:12:35","date_gmt":"2026-02-19T13:12:35","guid":{"rendered":"https:\/\/www.andacolloconectado.cl\/?p=16731"},"modified":"2026-02-19T13:12:36","modified_gmt":"2026-02-19T13:12:36","slug":"trekking-ancestral-yahuin-entre-luna-y-estrellas-reunio-a-mas-de-300-personas-en-la-ciudad-minera-permitiendo-la-conexion-con-el-cielo-y-la-naturaleza","status":"publish","type":"post","link":"https:\/\/www.andacolloconectado.cl\/index.php\/trekking-ancestral-yahuin-entre-luna-y-estrellas-reunio-a-mas-de-300-personas-en-la-ciudad-minera-permitiendo-la-conexion-con-el-cielo-y-la-naturaleza\/","title":{"rendered":"Trekking Ancestral Yahu\u00edn: \u201cEntre Luna y Estrellas\u201d reuni\u00f3 a m\u00e1s de 300 personas en la ciudad minera permitiendo la conexi\u00f3n con el cielo y la naturaleza"},"content":{"rendered":"\n<p><em><strong>El punto de encuentro fue en la Curva Minera Dayton donde se dio inicio al trekking familiar hacia el sector Yahu\u00edn, en la cual las personas recorrieron m\u00e1s de 3 kil\u00f3metros acompa\u00f1ados por monitores, apoyo en ruta y coordinaci\u00f3n en terreno.<\/strong><\/em><\/p>\n\n\n\n<p>Durante el trayecto los y las asistentes pudieron desplazarse hasta el cerro Yahu\u00edn, para posteriormente llegar a la cima, donde se efectu\u00f3 la recepci\u00f3n oficial y palabras de bienvenida por parte del alcalde Juan Carlos Alfaro, junto a la Oficina Organizadora de Deportes y Oficina de la Mujer y Equidad de G\u00e9nero.<\/p>\n\n\n\n<p>La actividad, donde tambi\u00e9n prest\u00f3 apoyo en terreno SENDA Previene y profesionales de OMIL, contempl\u00f3 una rogativa de agradecimiento y un espacio de reflexi\u00f3n para fortalecer la conexi\u00f3n con la naturaleza y el sentido del encuentro. Para despu\u00e9s desarrollar una jornada de convivencia con churrasqueada, entrega de frutas e hidrataci\u00f3n para los asistentes.<\/p>\n\n\n\n<p>En este aspecto, el encargado de la Oficina de Deportes, Cristian Aliaga y principal organizador, recalc\u00f3 la importancia de seguir generando espacios que fomenten la salud y la conexi\u00f3n con la naturaleza, destacando los cerros andacollinos:<\/p>\n\n\n\n<p>\u201cHemos hecho un trabajo enorme para llegar ac\u00e1 al sector del Yahu\u00edn, creo que es s\u00faper importante crear una cultura deportiva en distintos aspectos.&nbsp; Y creo que esta es la ocasi\u00f3n para ir formando a las personas. Creo que la convocatoria ha sido s\u00faper buena, por lo que quiero agradecer a nuestros compa\u00f1eros de cada departamento, porque esta es una actividad con directrices de nuestro alcalde, don Juan Carlos Alfaro, que siempre est\u00e1 preocupado por la salud y la seguridad f\u00edsica de toda la comunidad andacollina\u201d, detall\u00f3.<\/p>\n\n\n\n<p>Al mismo tiempo, el alcalde Juan Carlos Alfaro valor\u00f3 esta instancia, destacando que estos espacios no solo permiten conectarnos, sino tambi\u00e9n potenciar la actividad f\u00edsica y promover una vida saludable, enfatizando que \u201ceste tipo de actividades aporta un valor agregado como lo es el ejercicio f\u00edsico adem\u00e1s de la salud\u201d, concluy\u00f3 el primer jefe comunal.<\/p>\n\n\n\n<p>Por su cuenta, el concejal Luis Toledo, recalc\u00f3 que esta masiva jornada de observaci\u00f3n astron\u00f3mica \u201cha sido muy interesante, ya que ha conglomerado a mucha gente de diferentes edades. Vemos que tenemos harta presencia femenina, hartos ni\u00f1os, personas mayores y eso hace bien a la comunidad\u201d.<\/p>\n\n\n\n<p>A su vez, la encargada de la Oficina de la Mujer y Equidad de G\u00e9nero, Stefanny Jara, se mostr\u00f3 contenta por el trabajo realizado, resaltando la alta presencia femenina, destacando que \u201cnos sentimos muy contentas especialmente porque la presencia femenina en estos \u00faltimos trekking se ha evidenciado, para que ellas participen de estas jornadas, con espacios de autocuidado fuera del hogar, realmente fue un momento enriquecedor para todas quienes participamos\u201d.<\/p>\n\n\n\n<p>Ya entrada la noche, los participantes disfrutaron de una actividad guiada de observaci\u00f3n astron\u00f3mica a cargo de Carmen Gloria Mart\u00ednez. Por lo que la jornada finaliz\u00f3 con la presentaci\u00f3n cultural del m\u00fasico Ankatu Alquinta, quien hizo un taller de canto y m\u00fasica, dando el cierre simb\u00f3lico a la actividad.<\/p>\n\n\n\n<p>Una vez m\u00e1s, el municipio contin\u00faa generando espacios de encuentro y conexi\u00f3n para la comunidad, agradeciendo a todas las oficinas y funcionarios que colaboraron en una jornada marcada por el encuentro comunitario y un cielo estrellado de primer nivel.<\/p>\n","protected":false},"excerpt":{"rendered":"<p>El punto de encuentro fue en la Curva Minera Dayton donde se dio inicio al trekking familiar hacia el sector Yahu\u00edn, en la cual las personas recorrieron m\u00e1s de 3 kil\u00f3metros acompa\u00f1ados por monitores, apoyo en ruta y coordinaci\u00f3n en terreno. Durante el trayecto los y las asistentes pudieron desplazarse hasta el cerro Yahu\u00edn, para [&hellip;]<\/p>\n","protected":false},"author":3,"featured_media":0,"comment_status":"open","ping_status":"open","sticky":false,"template":"","format":"standard","meta":{"_acf_changed":false,"footnotes":""},"categories":[1],"tags":[4643,4642],"acf":[],"aioseo_notices":[],"_links":{"self":[{"href":"https:\/\/www.andacolloconectado.cl\/index.php\/wp-json\/wp\/v2\/posts\/16731"}],"collection":[{"href":"https:\/\/www.andacolloconectado.cl\/index.php\/wp-json\/wp\/v2\/posts"}],"about":[{"href":"https:\/\/www.andacolloconectado.cl\/index.php\/wp-json\/wp\/v2\/types\/post"}],"author":[{"embeddable":true,"href":"https:\/\/www.andacolloconectado.cl\/index.php\/wp-json\/wp\/v2\/users\/3"}],"replies":[{"embeddable":true,"href":"https:\/\/www.andacolloconectado.cl\/index.php\/wp-json\/wp\/v2\/comments?post=16731"}],"version-history":[{"count":1,"href":"https:\/\/www.andacolloconectado.cl\/index.php\/wp-json\/wp\/v2\/posts\/16731\/revisions"}],"predecessor-version":[{"id":16733,"href":"https:\/\/www.andacolloconectado.cl\/index.php\/wp-json\/wp\/v2\/posts\/16731\/revisions\/16733"}],"wp:attachment":[{"href":"https:\/\/www.andacolloconectado.cl\/index.php\/wp-json\/wp\/v2\/media?parent=16731"}],"wp:term":[{"taxonomy":"category","embeddable":true,"href":"https:\/\/www.andacolloconectado.cl\/index.php\/wp-json\/wp\/v2\/categories?post=16731"},{"taxonomy":"post_tag","embeddable":true,"href":"https:\/\/www.andacolloconectado.cl\/index.php\/wp-json\/wp\/v2\/tags?post=16731"}],"curies":[{"name":"wp","href":"https:\/\/api.w.org\/{rel}","templated":true}]}}