{"id":16812,"date":"2026-03-04T22:49:36","date_gmt":"2026-03-04T22:49:36","guid":{"rendered":"https:\/\/www.andacolloconectado.cl\/?p=16812"},"modified":"2026-03-04T22:49:37","modified_gmt":"2026-03-04T22:49:37","slug":"mes-de-la-mujer-inicia-en-andacollo-con-diversas-actividades-para-celebrar-el-destacable-rol-femenino-de-las-andacollinas","status":"publish","type":"post","link":"https:\/\/www.andacolloconectado.cl\/index.php\/mes-de-la-mujer-inicia-en-andacollo-con-diversas-actividades-para-celebrar-el-destacable-rol-femenino-de-las-andacollinas\/","title":{"rendered":"Mes de la mujer inicia en Andacollo con diversas actividades para celebrar el destacable rol femenino de las andacollinas"},"content":{"rendered":"\n<p>Nuestro municipio invita a toda la comunidad a ser parte del Mes de la Mujer en Andacollo 2026, bajo el lema <em>\u201c<\/em>Mujeres que Inspiran, Construyen y Transforman Andacollo<em>\u201d<\/em>, una programaci\u00f3n especial pensada para encontrarnos y reconocer el valor de la mujer en la esfera social.<\/p>\n\n\n\n<p>Mujeres de Andacollo, este viernes 6 de marzo tenemos una invitaci\u00f3n muy especial para ustedes.<\/p>\n\n\n\n<p>Desde las 18:30 horas, en la Plaza Gabriela Mistral, las esperamos para conmemorar juntas el D\u00eda Internacional de la Mujer, en una jornada llena de encuentro, alegr\u00eda y reconocimiento.<\/p>\n\n\n\n<p>Se vivir\u00e1 un hermoso momento para compartir y reflexionar sobre el rol y los desaf\u00edos de las mujeres andacollinas. Tendremos, adem\u00e1s, reconocimientos a mujeres destacadas de nuestra comuna, presentaciones art\u00edstico-culturales, adem\u00e1s de los invitados especiales con Koky y su Banda Tropical Ranchera, doble de Raphael Ignacio Jerez, el artista local Diego Juan Pablo, Bernardo Fern\u00e1ndez y muchas sorpresas m\u00e1s.<\/p>\n\n\n\n<p>Programa de actividades para todo el mes:<\/p>\n\n\n\n<ul>\n<li>Domingo 8 de marzo: Acto Conmemorativo 8M, a las 19:00 horas en la Plaza Pedro Nolasco Videla.<\/li>\n\n\n\n<li>Viernes 13 de marzo, Encuentro Comunal de Mujeres, desde las 16:30 horas en Parque Oasis.<\/li>\n\n\n\n<li>19 y 26 de marzo, Jornadas de Salud Integral para Mujeres, a las 15:00 horas, en Parque Oasis.<\/li>\n\n\n\n<li>20 de marzo, Caminata por el Bienestar, desde las 18:30 horas hacia el sector Table Lume.<\/li>\n\n\n\n<li>27 de marzo, Jornada de Cierre y Autocuidado, a las 19:00 horas, en el sector del Centro de Eventos Los Caletones. <\/li>\n<\/ul>\n\n\n\n<p>Una vez m\u00e1s el municipio local contin\u00faa aportando iniciativas que contribuyan espacios m\u00e1s equitativos para todas y todos.<\/p>\n","protected":false},"excerpt":{"rendered":"<p>Nuestro municipio invita a toda la comunidad a ser parte del Mes de la Mujer en Andacollo 2026, bajo el lema \u201cMujeres que Inspiran, Construyen y Transforman Andacollo\u201d, una programaci\u00f3n especial pensada para encontrarnos y reconocer el valor de la mujer en la esfera social. Mujeres de Andacollo, este viernes 6 de marzo tenemos una [&hellip;]<\/p>\n","protected":false},"author":3,"featured_media":0,"comment_status":"open","ping_status":"open","sticky":false,"template":"","format":"standard","meta":{"_acf_changed":false,"footnotes":""},"categories":[1],"tags":[1325,772,4653],"acf":[],"aioseo_notices":[],"_links":{"self":[{"href":"https:\/\/www.andacolloconectado.cl\/index.php\/wp-json\/wp\/v2\/posts\/16812"}],"collection":[{"href":"https:\/\/www.andacolloconectado.cl\/index.php\/wp-json\/wp\/v2\/posts"}],"about":[{"href":"https:\/\/www.andacolloconectado.cl\/index.php\/wp-json\/wp\/v2\/types\/post"}],"author":[{"embeddable":true,"href":"https:\/\/www.andacolloconectado.cl\/index.php\/wp-json\/wp\/v2\/users\/3"}],"replies":[{"embeddable":true,"href":"https:\/\/www.andacolloconectado.cl\/index.php\/wp-json\/wp\/v2\/comments?post=16812"}],"version-history":[{"count":1,"href":"https:\/\/www.andacolloconectado.cl\/index.php\/wp-json\/wp\/v2\/posts\/16812\/revisions"}],"predecessor-version":[{"id":16814,"href":"https:\/\/www.andacolloconectado.cl\/index.php\/wp-json\/wp\/v2\/posts\/16812\/revisions\/16814"}],"wp:attachment":[{"href":"https:\/\/www.andacolloconectado.cl\/index.php\/wp-json\/wp\/v2\/media?parent=16812"}],"wp:term":[{"taxonomy":"category","embeddable":true,"href":"https:\/\/www.andacolloconectado.cl\/index.php\/wp-json\/wp\/v2\/categories?post=16812"},{"taxonomy":"post_tag","embeddable":true,"href":"https:\/\/www.andacolloconectado.cl\/index.php\/wp-json\/wp\/v2\/tags?post=16812"}],"curies":[{"name":"wp","href":"https:\/\/api.w.org\/{rel}","templated":true}]}}