{"id":16815,"date":"2026-03-05T13:11:27","date_gmt":"2026-03-05T13:11:27","guid":{"rendered":"https:\/\/www.andacolloconectado.cl\/?p=16815"},"modified":"2026-03-05T13:11:28","modified_gmt":"2026-03-05T13:11:28","slug":"andacollo-celebro-la-novena-version-de-la-cumbre-ranchera-con-gran-participacion-de-artistas-locales","status":"publish","type":"post","link":"https:\/\/www.andacolloconectado.cl\/index.php\/andacollo-celebro-la-novena-version-de-la-cumbre-ranchera-con-gran-participacion-de-artistas-locales\/","title":{"rendered":"Andacollo celebr\u00f3 la novena versi\u00f3n de la Cumbre Ranchera con gran participaci\u00f3n de artistas locales"},"content":{"rendered":"\n<p>El pasado viernes 27 de febrero se realiz\u00f3 en la Plaza Gabriela Mistral el evento musical organizado por la Uni\u00f3n Comunal de la Cultura, el cual reuni\u00f3 a artistas, emprendedores y a la comunidad.<\/p>\n\n\n\n<p>La actividad cont\u00f3 con la presentaci\u00f3n de diversos artistas y agrupaciones musicales, entre ellos Los Raudos, Manuel Antonio Pacheco, El Charro de la Monta\u00f1a, Rambito y sus Amigos, y ADN Tropical, quienes hicieron cantar y bailar al p\u00fablico presente durante la jornada.<\/p>\n\n\n\n<p>Cabe destacar que la m\u00fasica ranchera es uno de los g\u00e9neros m\u00e1s apreciados por la comunidad andacollina, por lo que esta instancia busca no solo entretener a las familias, sino tambi\u00e9n promover el talento local y generar espacios para que solistas y grupos musicales puedan difundir su trabajo.<\/p>\n\n\n\n<p>Adem\u00e1s de los espect\u00e1culos musicales, la cumbre cont\u00f3 con la participaci\u00f3n de emprendedores de Andacollo, quienes ofrecieron distintos productos a los asistentes, contribuyendo as\u00ed a dinamizar la econom\u00eda local y a visibilizar el trabajo de los productores de la comuna.<\/p>\n\n\n\n<p>Dylan Valenzuela, organizador del evento, destac\u00f3 el sentido cultural de la iniciativa. \u201cEsto est\u00e1 enmarcado dentro del programa cultural de la Uni\u00f3n Comunal de la Cultura, y el principal objetivo es rescatar la m\u00fasica tropical ranchera de Andacollo. Hoy en esta cumbre est\u00e1n presentes los principales exponentes vigentes dentro del g\u00e9nero ranchero y tropical, as\u00ed es que estoy muy contento de poder llevar adelante esta nueva versi\u00f3n con una muy buena acogida del p\u00fablico\u201d, se\u00f1al\u00f3.<\/p>\n\n\n\n<p>Este evento tambi\u00e9n se consolid\u00f3 como una forma de despedir el verano 2026, congregando a vecinos y visitantes en un ambiente familiar y festivo.<\/p>\n\n\n\n<p>Es importante resaltar que la Cumbre Ranchera es apoyada por la Mesa CAT, a trav\u00e9s de sus proyectos concursables que buscan fortalecer la cultura y el talento local. En este sentido, Dylan explic\u00f3 que el financiamiento de la actividad proviene de la Mesa CAT, gracias a la adjudicaci\u00f3n del proyecto presentado por la Uni\u00f3n Comunal de la Cultura.<\/p>\n\n\n\n<p>\u201cEl objetivo principal de cada una de las actividades ha sido resaltar el talento andacollino y la cultura local en sus distintas \u00e1reas. En el caso de la Cumbre Ranchera, a lo largo de sus versiones siempre ha destacado la participaci\u00f3n, en un 90 a 100%, de grupos locales, d\u00e1ndoles espacio y vitrina para poder desarrollar su arte\u201d, concluy\u00f3 Dylan.<\/p>\n\n\n\n<p>La Cumbre Ranchera de Andacollo se consolida as\u00ed como un espacio de encuentro para la comunidad, donde la m\u00fasica, la cultura y el emprendimiento local se unen para fortalecer la identidad de la comuna. Con una alta participaci\u00f3n de artistas locales y una positiva respuesta del p\u00fablico, la actividad reafirma su objetivo de seguir promoviendo el talento andacollino y generando instancias de esparcimiento y recreaci\u00f3n para las familias.<\/p>\n","protected":false},"excerpt":{"rendered":"<p>El pasado viernes 27 de febrero se realiz\u00f3 en la Plaza Gabriela Mistral el evento musical organizado por la Uni\u00f3n Comunal de la Cultura, el cual reuni\u00f3 a artistas, emprendedores y a la comunidad. La actividad cont\u00f3 con la presentaci\u00f3n de diversos artistas y agrupaciones musicales, entre ellos Los Raudos, Manuel Antonio Pacheco, El Charro [&hellip;]<\/p>\n","protected":false},"author":3,"featured_media":0,"comment_status":"open","ping_status":"open","sticky":false,"template":"","format":"standard","meta":{"_acf_changed":false,"footnotes":""},"categories":[1],"tags":[772,4655,4654,135],"acf":[],"aioseo_notices":[],"_links":{"self":[{"href":"https:\/\/www.andacolloconectado.cl\/index.php\/wp-json\/wp\/v2\/posts\/16815"}],"collection":[{"href":"https:\/\/www.andacolloconectado.cl\/index.php\/wp-json\/wp\/v2\/posts"}],"about":[{"href":"https:\/\/www.andacolloconectado.cl\/index.php\/wp-json\/wp\/v2\/types\/post"}],"author":[{"embeddable":true,"href":"https:\/\/www.andacolloconectado.cl\/index.php\/wp-json\/wp\/v2\/users\/3"}],"replies":[{"embeddable":true,"href":"https:\/\/www.andacolloconectado.cl\/index.php\/wp-json\/wp\/v2\/comments?post=16815"}],"version-history":[{"count":1,"href":"https:\/\/www.andacolloconectado.cl\/index.php\/wp-json\/wp\/v2\/posts\/16815\/revisions"}],"predecessor-version":[{"id":16817,"href":"https:\/\/www.andacolloconectado.cl\/index.php\/wp-json\/wp\/v2\/posts\/16815\/revisions\/16817"}],"wp:attachment":[{"href":"https:\/\/www.andacolloconectado.cl\/index.php\/wp-json\/wp\/v2\/media?parent=16815"}],"wp:term":[{"taxonomy":"category","embeddable":true,"href":"https:\/\/www.andacolloconectado.cl\/index.php\/wp-json\/wp\/v2\/categories?post=16815"},{"taxonomy":"post_tag","embeddable":true,"href":"https:\/\/www.andacolloconectado.cl\/index.php\/wp-json\/wp\/v2\/tags?post=16815"}],"curies":[{"name":"wp","href":"https:\/\/api.w.org\/{rel}","templated":true}]}}