{"id":16819,"date":"2026-03-06T15:30:22","date_gmt":"2026-03-06T15:30:22","guid":{"rendered":"https:\/\/www.andacolloconectado.cl\/?p=16819"},"modified":"2026-03-06T15:30:24","modified_gmt":"2026-03-06T15:30:24","slug":"jefe-comunal-se-reune-con-la-junta-de-vecinos-n8-de-la-poblacion-25-de-octubre-para-abordar-diversas-necesidades-del-sector","status":"publish","type":"post","link":"https:\/\/www.andacolloconectado.cl\/index.php\/jefe-comunal-se-reune-con-la-junta-de-vecinos-n8-de-la-poblacion-25-de-octubre-para-abordar-diversas-necesidades-del-sector\/","title":{"rendered":"Jefe comunal se re\u00fane con la Junta de Vecinos N\u00b08 de la Poblaci\u00f3n 25 de Octubre para abordar diversas necesidades del sector"},"content":{"rendered":"\n<p><em>La reuni\u00f3n busc\u00f3 establecer un di\u00e1logo continuo con la comunidad para trabajar en el mejoramiento de techumbres en sus viviendas, recuperaci\u00f3n y mantenci\u00f3n de \u00e1reas verdes, reparaci\u00f3n de veredas en mal estado y otros intereses.<\/em><\/p>\n\n\n\n<p>Con el objetivo de fortalecer el trabajo en terreno y recoger de primera fuente las principales inquietudes de la comunidad, el alcalde de la comuna, Juan Carlos Alfaro Aravena y su equipo t\u00e9cnico sostuvieron una reuni\u00f3n con las socias y socios de la Junta de Vecinos N\u00b08 de la Poblaci\u00f3n 25 de Octubre.<\/p>\n\n\n\n<p>En la instancia, los asistentes expusieron diversas necesidades del sector, entre ellas el mejoramiento de techumbres en sus viviendas, la recuperaci\u00f3n y mantenci\u00f3n de \u00e1reas verdes, la reparaci\u00f3n de veredas en mal estado, problemas de baja presi\u00f3n de agua y la instalaci\u00f3n de lomos de toro o reductores de velocidad en las cercan\u00edas de establecimientos educacionales, con el fin de reforzar la seguridad vial.<\/p>\n\n\n\n<p>Durante el encuentro, el jefe comunal escuch\u00f3 atentamente cada planteamiento y entreg\u00f3 informaci\u00f3n respecto a iniciativas que se proyectan para el sector, destacando la futura construcci\u00f3n de la plaza Coraz\u00f3n de Mar\u00eda as\u00ed como reparaci\u00f3n de algunas veredas deterioradas, adem\u00e1s de informarles que a ra\u00edz de los problemas de abastecimiento de agua potable por la empresa sanitaria, esta se hab\u00eda comprometido a realizar diversas mejoras para evitar inconvenientes de suministro y los invit\u00f3 a trabajar de manera conjunta en la elaboraci\u00f3n de proyectos que puedan postular a programas de mejoramiento de vivienda.<\/p>\n\n\n\n<p>Bajo este contexto, los detalles referidos por nuestra primera autoridad comunal sostienen que \u201chemos escuchado atentamente y esperamos dar respuesta y soluci\u00f3n, ojal\u00e1 lo m\u00e1s pronto posible.&nbsp;Bueno, la Plaza Coraz\u00f3n de Mar\u00eda est\u00e1 dise\u00f1ada, tenemos el presupuesto y estamos postul\u00e1ndola a un fondo y esperamos que pronto pueda ser financiada para que pueda ser concretada a la brevedad\u201d, subray\u00f3 el alcalde Alfaro.<\/p>\n\n\n\n<p>Por su lado, para la presidenta de la Junta de Vecinos N\u00b08 de la Poblaci\u00f3n 25 de Octubre, Ximena Cort\u00e9s Alfaro, esta reuni\u00f3n fue muy provechosa porque permiti\u00f3 conocer los pr\u00f3ximos mejoramientos a desarrollar en su sector.<\/p>\n\n\n\n<p>\u201cNos pareci\u00f3 excelente esta reuni\u00f3n, por que nosotros queremos mucho a nuestra poblaci\u00f3n, y es bueno que el municipio nos apoye en esto, sobre todo en temas de mejoramiento de techumbre. Y la plaza Coraz\u00f3n de Mar\u00eda esta espectacular, los vecinos y yo estamos ansiosos de esperarla\u201d.<\/p>\n\n\n\n<p>Adem\u00e1s, se anunci\u00f3 que en los pr\u00f3ximos meses se iniciar\u00e1 un programa de esterilizaci\u00f3n de mascotas, dirigido a perros y gatos, como parte de las acciones orientadas a promover la tenencia responsable y el bienestar animal.<\/p>\n\n\n\n<p>De esta manera, el alcalde Juan Carlos Alfaro reafirm\u00f3 su compromiso de continuar impulsando un trabajo colaborativo con las organizaciones sociales, avanzando en soluciones concretas que permitan mejorar la calidad de vida de las familias de la poblaci\u00f3n 25 de octubre y en otros sectores de Andacollo.<\/p>\n","protected":false},"excerpt":{"rendered":"<p>La reuni\u00f3n busc\u00f3 establecer un di\u00e1logo continuo con la comunidad para trabajar en el mejoramiento de techumbres en sus viviendas, recuperaci\u00f3n y mantenci\u00f3n de \u00e1reas verdes, reparaci\u00f3n de veredas en mal estado y otros intereses. Con el objetivo de fortalecer el trabajo en terreno y recoger de primera fuente las principales inquietudes de la comunidad, [&hellip;]<\/p>\n","protected":false},"author":3,"featured_media":0,"comment_status":"open","ping_status":"open","sticky":false,"template":"","format":"standard","meta":{"_acf_changed":false,"footnotes":""},"categories":[1],"tags":[772,4656],"acf":[],"aioseo_notices":[],"_links":{"self":[{"href":"https:\/\/www.andacolloconectado.cl\/index.php\/wp-json\/wp\/v2\/posts\/16819"}],"collection":[{"href":"https:\/\/www.andacolloconectado.cl\/index.php\/wp-json\/wp\/v2\/posts"}],"about":[{"href":"https:\/\/www.andacolloconectado.cl\/index.php\/wp-json\/wp\/v2\/types\/post"}],"author":[{"embeddable":true,"href":"https:\/\/www.andacolloconectado.cl\/index.php\/wp-json\/wp\/v2\/users\/3"}],"replies":[{"embeddable":true,"href":"https:\/\/www.andacolloconectado.cl\/index.php\/wp-json\/wp\/v2\/comments?post=16819"}],"version-history":[{"count":1,"href":"https:\/\/www.andacolloconectado.cl\/index.php\/wp-json\/wp\/v2\/posts\/16819\/revisions"}],"predecessor-version":[{"id":16821,"href":"https:\/\/www.andacolloconectado.cl\/index.php\/wp-json\/wp\/v2\/posts\/16819\/revisions\/16821"}],"wp:attachment":[{"href":"https:\/\/www.andacolloconectado.cl\/index.php\/wp-json\/wp\/v2\/media?parent=16819"}],"wp:term":[{"taxonomy":"category","embeddable":true,"href":"https:\/\/www.andacolloconectado.cl\/index.php\/wp-json\/wp\/v2\/categories?post=16819"},{"taxonomy":"post_tag","embeddable":true,"href":"https:\/\/www.andacolloconectado.cl\/index.php\/wp-json\/wp\/v2\/tags?post=16819"}],"curies":[{"name":"wp","href":"https:\/\/api.w.org\/{rel}","templated":true}]}}