{"id":16822,"date":"2026-03-09T21:21:53","date_gmt":"2026-03-09T21:21:53","guid":{"rendered":"https:\/\/www.andacolloconectado.cl\/?p=16822"},"modified":"2026-03-09T21:21:55","modified_gmt":"2026-03-09T21:21:55","slug":"la-escuela-de-talentos-andacollinos-inicia-la-inscripcion-para-sus-talleres-artistico-culturales-2026","status":"publish","type":"post","link":"https:\/\/www.andacolloconectado.cl\/index.php\/la-escuela-de-talentos-andacollinos-inicia-la-inscripcion-para-sus-talleres-artistico-culturales-2026\/","title":{"rendered":"La Escuela de Talentos Andacollinos inicia la inscripci\u00f3n para sus talleres art\u00edstico-culturales 2026"},"content":{"rendered":"\n<p><strong>Las inscripciones para el primer grupo de talleres se realizar\u00e1n en la Escuela de Talentos Andacollinos (calle Obispo Sierra N\u00b0500) del 9 al 27 de marzo, en horario de 16:30 a 18:30 horas.<\/strong><\/p>\n\n\n\n<p>En esta oportunidad se ponen a disposici\u00f3n de la comunidad el primer grupo de talleres, Danza para Ni\u00f1as, Bater\u00eda, Lakitas, M\u00fasica e Instrumentos, Teatro, Creaci\u00f3n Art\u00edstica y Piano Avanzado, propuestas pensadas tanto para quienes desean iniciarse en el mundo del arte como para quienes ya han desarrollado ciertas habilidades y buscan profundizar en su pr\u00e1ctica.<\/p>\n\n\n\n<p>Durante las pr\u00f3ximas semanas se presentar\u00e1 la segunda tanda de talleres art\u00edsticos- culturales incorporando otras disciplinas en los talleres y que buscar\u00e1n p\u00fablicos espec\u00edficos como adultos mayores, mujeres y ni\u00f1@s. De esta manera, la Escuela de Talentos Andacollinos reafirma una convicci\u00f3n profunda: el aprendizaje art\u00edstico no pertenece a una sola etapa de la vida, sino que puede acompa\u00f1ar a las personas a lo largo de todo su recorrido.<\/p>\n\n\n\n<p>En ese contexto, el inicio del ciclo 2026 no representa un punto de partida, sino m\u00e1s bien la continuidad de un proceso cultural que la comuna reconoce como propio. Cada nuevo a\u00f1o formativo vuelve a abrir las puertas a la imaginaci\u00f3n, al trabajo colectivo y al desarrollo de talentos que muchas veces permanec\u00edan ocultos hasta encontrar en este espacio una oportunidad para manifestarse.<\/p>\n\n\n\n<p>M\u00e1s que una escuela en el sentido tradicional, este proyecto se ha transformado con el tiempo en un punto de encuentro para la creatividad local. All\u00ed, el arte se vive como una experiencia compartida que permite a las personas explorar nuevas habilidades, pero tambi\u00e9n fortalecer v\u00ednculos, construir confianza y participar activamente en la vida cultural de la comunidad. En un mundo donde la velocidad de lo cotidiano muchas veces deja poco espacio para la expresi\u00f3n y la sensibilidad, la Escuela de Talentos Andacollinos ofrece un lugar donde detenerse a escuchar el ritmo de un tambor, ensayar una escena, dibujar una idea o dejar que la m\u00fasica y el movimiento abran caminos inesperados.<\/p>\n\n\n\n<p>El trabajo formativo que se desarrolla en la escuela se sostiene sobre algunos principios pedag\u00f3gicos que han guiado su crecimiento durante estos m\u00e1s de diez a\u00f1os de trayectoria. Uno de ellos es la educaci\u00f3n constructivista, que entiende el aprendizaje como una experiencia activa en la que cada estudiante construye su conocimiento a partir de la pr\u00e1ctica, la exploraci\u00f3n y la creaci\u00f3n. En este enfoque, el arte no se transmite \u00fanicamente como una t\u00e9cnica que debe repetirse, sino como un proceso vivo en el que cada participante aporta su mirada personal.<\/p>\n\n\n\n<p>Otro de los pilares fundamentales es su car\u00e1cter intergeneracional. La escuela entiende que el aprendizaje art\u00edstico no pertenece a un solo grupo etario, sino que puede nutrirse del di\u00e1logo entre distintas edades. En ese intercambio, la energ\u00eda de los m\u00e1s j\u00f3venes convive con la experiencia y la memoria de quienes han recorrido m\u00e1s a\u00f1os, generando un espacio donde cada generaci\u00f3n tiene algo que aportar.<\/p>\n\n\n\n<p>A esta mirada se suma una vocaci\u00f3n profundamente inclusiva, abierta a las diversas realidades sociales, culturales y personales de quienes participan. La convicci\u00f3n que anima el proyecto es que el acceso al arte debe ser amplio y democr\u00e1tico, y que toda persona puede encontrar en la creaci\u00f3n art\u00edstica un camino para expresarse, aprender y crecer.<\/p>\n\n\n\n<p>Finalmente, la escuela se articula desde un marcado sentido social, que concibe el arte como una herramienta para fortalecer el tejido comunitario. Cada taller, cada ensayo y cada proceso creativo contribuyen a generar espacios de encuentro que enriquecen la vida cultural de la comuna y fortalecen la identidad colectiva.<\/p>\n\n\n\n<p>El desarrollo sostenido de esta iniciativa ha sido posible tambi\u00e9n gracias al trabajo conjunto entre distintas instituciones. La Escuela de Talentos Andacollinos cuenta con el apoyo de la Ilustre Municipalidad de Andacollo, y su implementaci\u00f3n se financia a trav\u00e9s de la Ley de Donaciones Culturales, con el aporte de la compa\u00f1\u00eda minera Teck. Esta colaboraci\u00f3n ha permitido que el proyecto contin\u00fae creciendo y ofreciendo oportunidades de formaci\u00f3n art\u00edstica a la comunidad.<\/p>\n\n\n\n<p>Con el inicio de este nuevo periodo, la escuela vuelve a encender ese peque\u00f1o pero persistente fuego cultural que, desde hace m\u00e1s de una d\u00e9cada, forma parte de la vida de la comuna. Un lugar donde los sonidos, los movimientos y las historias que nacen en cada taller se transforman en formas de encuentro, aprendizaje y expresi\u00f3n colectiva. All\u00ed, el arte contin\u00faa recordando que la creatividad no es solo una habilidad individual, sino tambi\u00e9n un lenguaje que permite a una comunidad reconocerse, imaginarse y proyectarse hacia el futuro.<\/p>\n\n\n\n<p>La Escuela de Talentos Andacollinos es un proyecto con 12 a\u00f1os de trayectoria, ejecutado por la Agrupaci\u00f3n Cultural Maray, patrocinado por la Municipalidad de Andacollo, financiado por Compa\u00f1\u00eda Teck Carmen de Andacollo y el Ministerio de las Culturas, las Artes y el Patrimonio a trav\u00e9s de Ley de Donaciones Culturales.&nbsp;<\/p>\n","protected":false},"excerpt":{"rendered":"<p>Las inscripciones para el primer grupo de talleres se realizar\u00e1n en la Escuela de Talentos Andacollinos (calle Obispo Sierra N\u00b0500) del 9 al 27 de marzo, en horario de 16:30 a 18:30 horas. En esta oportunidad se ponen a disposici\u00f3n de la comunidad el primer grupo de talleres, Danza para Ni\u00f1as, Bater\u00eda, Lakitas, M\u00fasica e [&hellip;]<\/p>\n","protected":false},"author":3,"featured_media":0,"comment_status":"open","ping_status":"open","sticky":false,"template":"","format":"standard","meta":{"_acf_changed":false,"footnotes":""},"categories":[1],"tags":[200,2153,4657],"acf":[],"aioseo_notices":[],"_links":{"self":[{"href":"https:\/\/www.andacolloconectado.cl\/index.php\/wp-json\/wp\/v2\/posts\/16822"}],"collection":[{"href":"https:\/\/www.andacolloconectado.cl\/index.php\/wp-json\/wp\/v2\/posts"}],"about":[{"href":"https:\/\/www.andacolloconectado.cl\/index.php\/wp-json\/wp\/v2\/types\/post"}],"author":[{"embeddable":true,"href":"https:\/\/www.andacolloconectado.cl\/index.php\/wp-json\/wp\/v2\/users\/3"}],"replies":[{"embeddable":true,"href":"https:\/\/www.andacolloconectado.cl\/index.php\/wp-json\/wp\/v2\/comments?post=16822"}],"version-history":[{"count":1,"href":"https:\/\/www.andacolloconectado.cl\/index.php\/wp-json\/wp\/v2\/posts\/16822\/revisions"}],"predecessor-version":[{"id":16824,"href":"https:\/\/www.andacolloconectado.cl\/index.php\/wp-json\/wp\/v2\/posts\/16822\/revisions\/16824"}],"wp:attachment":[{"href":"https:\/\/www.andacolloconectado.cl\/index.php\/wp-json\/wp\/v2\/media?parent=16822"}],"wp:term":[{"taxonomy":"category","embeddable":true,"href":"https:\/\/www.andacolloconectado.cl\/index.php\/wp-json\/wp\/v2\/categories?post=16822"},{"taxonomy":"post_tag","embeddable":true,"href":"https:\/\/www.andacolloconectado.cl\/index.php\/wp-json\/wp\/v2\/tags?post=16822"}],"curies":[{"name":"wp","href":"https:\/\/api.w.org\/{rel}","templated":true}]}}