{"id":16825,"date":"2026-03-09T21:25:16","date_gmt":"2026-03-09T21:25:16","guid":{"rendered":"https:\/\/www.andacolloconectado.cl\/?p=16825"},"modified":"2026-03-09T21:25:17","modified_gmt":"2026-03-09T21:25:17","slug":"liceo-pedro-regalado-videla-realizo-ceremonia-de-reconocimiento-a-mujeres-destacadas-de-la-comuna","status":"publish","type":"post","link":"https:\/\/www.andacolloconectado.cl\/index.php\/liceo-pedro-regalado-videla-realizo-ceremonia-de-reconocimiento-a-mujeres-destacadas-de-la-comuna\/","title":{"rendered":"Liceo Pedro Regalado Videla realiz\u00f3 ceremonia de reconocimiento a mujeres destacadas de la comuna"},"content":{"rendered":"\n<p>En el marco de la conmemoraci\u00f3n del D\u00eda Internacional de la Mujer, el establecimiento realiz\u00f3 una ceremonia especial destinada a destacar el aporte de mujeres que han desarrollado una importante labor en distintos \u00e1mbitos de la comuna.<\/p>\n\n\n\n<p>La actividad reuni\u00f3 a la comunidad educativa del establecimiento, encabezada por su directora, Mar\u00eda Lorena Araya, quien valor\u00f3 la instancia como una oportunidad para reconocer el trabajo y la trayectoria de mujeres que han contribuido al desarrollo de la sociedad, y, por supuesto, destacar su rol dentro de la historia y el crecimiento de Andacollo.<\/p>\n\n\n\n<p>\u201cEstamos muy felices nuevamente de conmemorar el D\u00eda de la Mujer y reconocer a mujeres importantes en nuestra comuna. Son muchas, y cuesta un poquito cuando uno empieza a ver a qui\u00e9n va a reconocer. Pero creemos que hemos ido a los diferentes \u00e1mbitos buscando mujeres de nuestra historia que han sido parte de Andacollo. Estamos muy felices, creemos que los reconocimientos se hacen en vida, para que toda la comunidad tambi\u00e9n las recuerde, las pase nuevamente por su coraz\u00f3n y recuerde todos los momentos importantes\u201d, se\u00f1al\u00f3 la directora.<\/p>\n\n\n\n<p>Durante la ceremonia tambi\u00e9n se destac\u00f3 la presencia de la exalumna del establecimiento Jennifer Rojas R\u00edos, actual jefa de Recursos Humanos de Teck, quien manifest\u00f3 su emoci\u00f3n por regresar al liceo y recibir este reconocimiento.<\/p>\n\n\n\n<p>\u201cEstoy s\u00faper contenta y orgullosa de llegar al liceo y ver tantos cambios significativos, tanto en lo que est\u00e1n impartiendo hoy como tambi\u00e9n en infraestructura. La verdad es que me pill\u00f3 por sorpresa este reconocimiento, pero estoy totalmente agradecida de que puedan reconocer lo que una mujer puede lograr\u201d, expres\u00f3.<\/p>\n\n\n\n<p>En la jornada fueron reconocidas por su destacada trayectoria y aporte a la comunidad las vecinas: Luisa Rojas Ram\u00edrez, Rodelinda Gonz\u00e1lez Aliaga, Andrea de Mar\u00eda Campusano Gonz\u00e1lez, Viviana Neira Aranda, Mirta Medalla Aliaga, Ana Mar\u00eda Gahona Laferte, Jimena Fuentes Gonz\u00e1lez y Jennifer Rojas R\u00edos.<\/p>\n\n\n\n<p>La actividad permiti\u00f3 relevar el rol de las mujeres en el desarrollo social, cultural y comunitario de Andacollo, destacando su aporte en distintas \u00e1reas y reforzando el compromiso del establecimiento con la valoraci\u00f3n de la igualdad y el reconocimiento de quienes han marcado la historia local.<\/p>\n","protected":false},"excerpt":{"rendered":"<p>En el marco de la conmemoraci\u00f3n del D\u00eda Internacional de la Mujer, el establecimiento realiz\u00f3 una ceremonia especial destinada a destacar el aporte de mujeres que han desarrollado una importante labor en distintos \u00e1mbitos de la comuna. La actividad reuni\u00f3 a la comunidad educativa del establecimiento, encabezada por su directora, Mar\u00eda Lorena Araya, quien valor\u00f3 [&hellip;]<\/p>\n","protected":false},"author":3,"featured_media":0,"comment_status":"open","ping_status":"open","sticky":false,"template":"","format":"standard","meta":{"_acf_changed":false,"footnotes":""},"categories":[1],"tags":[772,4658,2106,2311],"acf":[],"aioseo_notices":[],"_links":{"self":[{"href":"https:\/\/www.andacolloconectado.cl\/index.php\/wp-json\/wp\/v2\/posts\/16825"}],"collection":[{"href":"https:\/\/www.andacolloconectado.cl\/index.php\/wp-json\/wp\/v2\/posts"}],"about":[{"href":"https:\/\/www.andacolloconectado.cl\/index.php\/wp-json\/wp\/v2\/types\/post"}],"author":[{"embeddable":true,"href":"https:\/\/www.andacolloconectado.cl\/index.php\/wp-json\/wp\/v2\/users\/3"}],"replies":[{"embeddable":true,"href":"https:\/\/www.andacolloconectado.cl\/index.php\/wp-json\/wp\/v2\/comments?post=16825"}],"version-history":[{"count":1,"href":"https:\/\/www.andacolloconectado.cl\/index.php\/wp-json\/wp\/v2\/posts\/16825\/revisions"}],"predecessor-version":[{"id":16827,"href":"https:\/\/www.andacolloconectado.cl\/index.php\/wp-json\/wp\/v2\/posts\/16825\/revisions\/16827"}],"wp:attachment":[{"href":"https:\/\/www.andacolloconectado.cl\/index.php\/wp-json\/wp\/v2\/media?parent=16825"}],"wp:term":[{"taxonomy":"category","embeddable":true,"href":"https:\/\/www.andacolloconectado.cl\/index.php\/wp-json\/wp\/v2\/categories?post=16825"},{"taxonomy":"post_tag","embeddable":true,"href":"https:\/\/www.andacolloconectado.cl\/index.php\/wp-json\/wp\/v2\/tags?post=16825"}],"curies":[{"name":"wp","href":"https:\/\/api.w.org\/{rel}","templated":true}]}}