{"id":16913,"date":"2026-04-08T20:21:34","date_gmt":"2026-04-08T20:21:34","guid":{"rendered":"https:\/\/www.andacolloconectado.cl\/?p=16913"},"modified":"2026-04-08T20:21:35","modified_gmt":"2026-04-08T20:21:35","slug":"amplian-plazo-para-postular-al-ffoip-2026-y-convocan-a-mas-organizaciones-de-la-region-de-coquimbo-a-presentar-sus-proyectos","status":"publish","type":"post","link":"https:\/\/www.andacolloconectado.cl\/index.php\/amplian-plazo-para-postular-al-ffoip-2026-y-convocan-a-mas-organizaciones-de-la-region-de-coquimbo-a-presentar-sus-proyectos\/","title":{"rendered":"Ampl\u00edan plazo para postular al FFOIP 2026 y convocan a m\u00e1s organizaciones de la Regi\u00f3n de Coquimbo a presentar sus proyectos"},"content":{"rendered":"\n<p><em><strong>El Fondo de Fortalecimiento de Organizaciones de Inter\u00e9s P\u00fablico destinar\u00e1 m\u00e1s de $79 millones para financiar iniciativas locales y regionales.<\/strong><\/em><\/p>\n\n\n\n<p>Con el objetivo de que m\u00e1s organizaciones sociales puedan acceder a recursos para fortalecer su trabajo en los territorios, el Ministerio Secretar\u00eda General de Gobierno ampli\u00f3 el plazo de postulaci\u00f3n al Fondo de Fortalecimiento de Organizaciones de Inter\u00e9s P\u00fablico, FFOIP 2026, hasta el viernes 24 de abril a las 23:59 horas, a trav\u00e9s del sitio web www.fondos.gob.cl<\/p>\n\n\n\n<p>La extensi\u00f3n de la convocatoria busca entregar m\u00e1s tiempo a las agrupaciones comunitarias para preparar y presentar iniciativas orientadas a la participaci\u00f3n ciudadana, el desarrollo comunitario y el fortalecimiento organizacional, tres ejes clave para seguir fortaleciendo el trabajo que realizan d\u00eda a d\u00eda en beneficio de sus comunidades.<\/p>\n\n\n\n<p>En la Regi\u00f3n de Coquimbo, este a\u00f1o se destinar\u00e1n m\u00e1s de $79 millones para apoyar proyectos de car\u00e1cter local y regional, recursos que permitir\u00e1n respaldar propuestas nacidas desde las propias organizaciones y con impacto directo en sus territorios.<\/p>\n\n\n\n<p>El Seremi de Gobierno, Darwin Cort\u00e9s, destac\u00f3 que esta ampliaci\u00f3n representa una nueva oportunidad para que m\u00e1s agrupaciones puedan participar de un fondo que reconoce el valor del trabajo social y comunitario.<\/p>\n\n\n\n<p><strong>\u201cQueremos que esta extensi\u00f3n del plazo se traduzca en m\u00e1s organizaciones postulando y en m\u00e1s proyectos con sentido territorial. Como Gobierno creemos firmemente que cuando la comunidad se organiza, se generan soluciones concretas, se fortalece el sentido de comunidad y se avanza en una regi\u00f3n m\u00e1s participativa y con mayor capacidad de acci\u00f3n\u201d, se\u00f1al\u00f3 la autoridad.<\/strong><\/p>\n\n\n\n<p>El FFOIP est\u00e1 dirigido especialmente a juntas de vecinos y organizaciones comunitarias constituidas bajo la Ley 19.418, como clubes deportivos, centros de madres, centros culturales, agrupaciones juveniles, comit\u00e9s y otras organizaciones sociales sin fines de lucro. Tambi\u00e9n pueden postular comunidades y asociaciones ind\u00edgenas reguladas por la Ley 19.253, asociaciones de consumidores seg\u00fan la Ley 19.496 y otras organizaciones que soliciten reconocimiento de inter\u00e9s p\u00fablico ante el Consejo Nacional del FFOIP.<\/p>\n\n\n\n<p>El Vocero Regional agreg\u00f3 que este fondo se enmarca en una l\u00ednea de trabajo que busca fortalecer a las organizaciones intermedias y entregar herramientas concretas a quienes cumplen un rol activo en sus barrios, localidades y comunas.<\/p>\n\n\n\n<p><strong>\u201cUna de las convicciones del Gobierno del Presidente Jos\u00e9 Antonio Kast es que Chile se fortalece desde sus comunidades, desde las organizaciones que conocen de cerca la realidad de sus vecinos y que trabajan con compromiso por el bien com\u00fan. Por eso este fondo no solo entrega recursos, tambi\u00e9n reconoce el aporte que hacen miles de dirigentes al desarrollo de sus territorios\u201d, sostuvo.<\/strong><\/p>\n\n\n\n<p>Para quienes opten por realizar la postulaci\u00f3n en formato f\u00edsico, los antecedentes podr\u00e1n entregarse hasta el 10 de abril en dependencias de la Seremi de Gobierno de Coquimbo, ubicada en calle Matta 555, La Serena.<\/p>\n\n\n\n<p>Para finalizar, el Seremi Darwin Cort\u00e9s reiter\u00f3 el llamado a informarse y aprovechar esta oportunidad, especialmente en una regi\u00f3n donde las organizaciones sociales cumplen un rol clave en materias de participaci\u00f3n y apoyo a sus comunidades.<\/p>\n","protected":false},"excerpt":{"rendered":"<p>El Fondo de Fortalecimiento de Organizaciones de Inter\u00e9s P\u00fablico destinar\u00e1 m\u00e1s de $79 millones para financiar iniciativas locales y regionales. Con el objetivo de que m\u00e1s organizaciones sociales puedan acceder a recursos para fortalecer su trabajo en los territorios, el Ministerio Secretar\u00eda General de Gobierno ampli\u00f3 el plazo de postulaci\u00f3n al Fondo de Fortalecimiento de [&hellip;]<\/p>\n","protected":false},"author":3,"featured_media":0,"comment_status":"open","ping_status":"open","sticky":false,"template":"","format":"standard","meta":{"_acf_changed":false,"footnotes":""},"categories":[1],"tags":[4678],"acf":[],"aioseo_notices":[],"_links":{"self":[{"href":"https:\/\/www.andacolloconectado.cl\/index.php\/wp-json\/wp\/v2\/posts\/16913"}],"collection":[{"href":"https:\/\/www.andacolloconectado.cl\/index.php\/wp-json\/wp\/v2\/posts"}],"about":[{"href":"https:\/\/www.andacolloconectado.cl\/index.php\/wp-json\/wp\/v2\/types\/post"}],"author":[{"embeddable":true,"href":"https:\/\/www.andacolloconectado.cl\/index.php\/wp-json\/wp\/v2\/users\/3"}],"replies":[{"embeddable":true,"href":"https:\/\/www.andacolloconectado.cl\/index.php\/wp-json\/wp\/v2\/comments?post=16913"}],"version-history":[{"count":1,"href":"https:\/\/www.andacolloconectado.cl\/index.php\/wp-json\/wp\/v2\/posts\/16913\/revisions"}],"predecessor-version":[{"id":16915,"href":"https:\/\/www.andacolloconectado.cl\/index.php\/wp-json\/wp\/v2\/posts\/16913\/revisions\/16915"}],"wp:attachment":[{"href":"https:\/\/www.andacolloconectado.cl\/index.php\/wp-json\/wp\/v2\/media?parent=16913"}],"wp:term":[{"taxonomy":"category","embeddable":true,"href":"https:\/\/www.andacolloconectado.cl\/index.php\/wp-json\/wp\/v2\/categories?post=16913"},{"taxonomy":"post_tag","embeddable":true,"href":"https:\/\/www.andacolloconectado.cl\/index.php\/wp-json\/wp\/v2\/tags?post=16913"}],"curies":[{"name":"wp","href":"https:\/\/api.w.org\/{rel}","templated":true}]}}