{"id":16974,"date":"2026-04-27T17:01:39","date_gmt":"2026-04-27T17:01:39","guid":{"rendered":"https:\/\/www.andacolloconectado.cl\/?p=16974"},"modified":"2026-04-27T17:01:40","modified_gmt":"2026-04-27T17:01:40","slug":"escuela-luis-cruz-martinez-celebro-el-dia-del-libro-con-homenaje-a-poetisa-local-y-presentaciones-estudiantiles","status":"publish","type":"post","link":"https:\/\/www.andacolloconectado.cl\/index.php\/escuela-luis-cruz-martinez-celebro-el-dia-del-libro-con-homenaje-a-poetisa-local-y-presentaciones-estudiantiles\/","title":{"rendered":"Escuela Luis Cruz Mart\u00ednez celebr\u00f3 el D\u00eda del Libro con homenaje a poetisa local y presentaciones estudiantiles"},"content":{"rendered":"\n<p><em><strong>La comunidad educativa destac\u00f3 el valor de la lectura, la imaginaci\u00f3n y el patrimonio local en una emotiva ceremonia protagonizada por estudiantes de k\u00ednder y prek\u00ednder.<\/strong><\/em><\/p>\n\n\n\n<p>Con una ceremonia marcada por la creatividad, el reconocimiento cultural y la participaci\u00f3n de los m\u00e1s peque\u00f1os, la Escuela Luis Cruz Mart\u00ednez conmemor\u00f3 el pasado viernes el D\u00eda del Libro, reuniendo a estudiantes, docentes, apoderados y la comunidad educativa en torno al fomento de la lectura y la identidad patrimonial del establecimiento.<\/p>\n\n\n\n<p>La actividad contempl\u00f3 un especial reconocimiento a una colaboradora de una editorial, adem\u00e1s de un homenaje a la poetisa andacollina Lilian Pizarro, destacando su valioso aporte al desarrollo de la lectura, la cultura y la creatividad en la comuna.<\/p>\n\n\n\n<p>Uno de los momentos m\u00e1s destacados de la jornada fue la presentaci\u00f3n art\u00edstica realizada por ni\u00f1os y ni\u00f1as de k\u00ednder y prek\u00ednder, quienes sorprendieron con intervenciones inspiradas en cuentos infantiles y muestras orientadas al rescate del arte y la historia local, en l\u00ednea con el sello patrimonial que impulsa la escuela.<\/p>\n\n\n\n<p>La directora del establecimiento, Mariana Ruz Lira, valor\u00f3 el sentido formativo de la jornada, se\u00f1alando que \u201ces una actividad que nos une como comunidad educativa en torno al valor de la lectura y los libros, destacando con nuestros estudiantes el no perder la imaginaci\u00f3n y la proyecci\u00f3n que uno hace en los textos, de historia de hoy, tambi\u00e9n de nuestro pasado y de nuestro patrimonio\u201d.<\/p>\n\n\n\n<p>Asimismo, agreg\u00f3 que esta celebraci\u00f3n representa \u201cuna instancia de aprendizaje que se ha venido trabajando desde el aula, pero que tambi\u00e9n se detiene a reconocer a importantes personas andacollinas, como la se\u00f1ora Lilia, que hace un gran aporte para la lectura y tambi\u00e9n a la creatividad lograda a trav\u00e9s de este medio\u201d.<\/p>\n\n\n\n<p>Finalmente, la directora agradeci\u00f3 el constante apoyo de quienes colaboran con el establecimiento y de toda la comunidad, resaltando que la conmemoraci\u00f3n fue \u201cmuy bonita, muy fruct\u00edfera\u201d, reafirmando el compromiso de la escuela con la formaci\u00f3n integral de sus estudiantes y la promoci\u00f3n de la lectura desde los primeros a\u00f1os.<\/p>\n","protected":false},"excerpt":{"rendered":"<p>La comunidad educativa destac\u00f3 el valor de la lectura, la imaginaci\u00f3n y el patrimonio local en una emotiva ceremonia protagonizada por estudiantes de k\u00ednder y prek\u00ednder. Con una ceremonia marcada por la creatividad, el reconocimiento cultural y la participaci\u00f3n de los m\u00e1s peque\u00f1os, la Escuela Luis Cruz Mart\u00ednez conmemor\u00f3 el pasado viernes el D\u00eda del [&hellip;]<\/p>\n","protected":false},"author":3,"featured_media":0,"comment_status":"open","ping_status":"open","sticky":false,"template":"","format":"standard","meta":{"_acf_changed":false,"footnotes":""},"categories":[1],"tags":[1584,189],"acf":[],"aioseo_notices":[],"_links":{"self":[{"href":"https:\/\/www.andacolloconectado.cl\/index.php\/wp-json\/wp\/v2\/posts\/16974"}],"collection":[{"href":"https:\/\/www.andacolloconectado.cl\/index.php\/wp-json\/wp\/v2\/posts"}],"about":[{"href":"https:\/\/www.andacolloconectado.cl\/index.php\/wp-json\/wp\/v2\/types\/post"}],"author":[{"embeddable":true,"href":"https:\/\/www.andacolloconectado.cl\/index.php\/wp-json\/wp\/v2\/users\/3"}],"replies":[{"embeddable":true,"href":"https:\/\/www.andacolloconectado.cl\/index.php\/wp-json\/wp\/v2\/comments?post=16974"}],"version-history":[{"count":1,"href":"https:\/\/www.andacolloconectado.cl\/index.php\/wp-json\/wp\/v2\/posts\/16974\/revisions"}],"predecessor-version":[{"id":16976,"href":"https:\/\/www.andacolloconectado.cl\/index.php\/wp-json\/wp\/v2\/posts\/16974\/revisions\/16976"}],"wp:attachment":[{"href":"https:\/\/www.andacolloconectado.cl\/index.php\/wp-json\/wp\/v2\/media?parent=16974"}],"wp:term":[{"taxonomy":"category","embeddable":true,"href":"https:\/\/www.andacolloconectado.cl\/index.php\/wp-json\/wp\/v2\/categories?post=16974"},{"taxonomy":"post_tag","embeddable":true,"href":"https:\/\/www.andacolloconectado.cl\/index.php\/wp-json\/wp\/v2\/tags?post=16974"}],"curies":[{"name":"wp","href":"https:\/\/api.w.org\/{rel}","templated":true}]}}