{"id":16977,"date":"2026-04-28T13:36:31","date_gmt":"2026-04-28T13:36:31","guid":{"rendered":"https:\/\/www.andacolloconectado.cl\/?p=16977"},"modified":"2026-04-28T13:36:32","modified_gmt":"2026-04-28T13:36:32","slug":"comerciantes-de-andacollo-avanzan-en-fortalecimiento-del-barrio-comercial-con-alta-participacion-en-jornada-de-capacitacion","status":"publish","type":"post","link":"https:\/\/www.andacolloconectado.cl\/index.php\/comerciantes-de-andacollo-avanzan-en-fortalecimiento-del-barrio-comercial-con-alta-participacion-en-jornada-de-capacitacion\/","title":{"rendered":"Comerciantes de Andacollo avanzan en fortalecimiento del Barrio Comercial con alta participaci\u00f3n en jornada de capacitaci\u00f3n"},"content":{"rendered":"\n<p>El pasado viernes, en dependencias de la Asociaci\u00f3n Minera de Andacollo, se desarroll\u00f3 una nueva jornada de trabajo del programa Barrios Comerciales, impulsado por SERCOTEC, instancia que reuni\u00f3 a los comerciantes que integran esta iniciativa orientada a fortalecer el comercio local de la comuna.<\/p>\n\n\n\n<p>Actualmente son 26 socios los que forman parte del programa, cuyo objetivo es impulsar el crecimiento del sector comercial, mejorar su organizaci\u00f3n y generar estrategias que permitan revitalizar uno de los principales ejes econ\u00f3micos y sociales de Andacollo.<\/p>\n\n\n\n<p>Durante la jornada se realiz\u00f3 una capacitaci\u00f3n con alta participaci\u00f3n de los asistentes, centrada en el desarrollo organizacional y la proyecci\u00f3n futura del barrio comercial.<\/p>\n\n\n\n<p>Juan Varela, gestor de Barrios Comerciales, explic\u00f3 que \u201cestamos haciendo un taller de desarrollo organizacional que busca que los locatarios de este barrio sienten las bases para tener una organizaci\u00f3n m\u00e1s formal, quiz\u00e1s en el futuro avanzar en la formaci\u00f3n de un gremio\u201d.<\/p>\n\n\n\n<p>Asimismo, indic\u00f3 que actualmente el programa se encuentra en su etapa inicial. \u201cAhora estamos en la primera fase de este programa. Se desarroll\u00f3 un plan de inversi\u00f3n de acuerdo a las principales necesidades que ten\u00eda el barrio, y lo que en el futuro se pretende es continuar con esto, porque este programa es de dos a tres a\u00f1os\u201d, se\u00f1al\u00f3.<\/p>\n\n\n\n<p>Varela destac\u00f3 adem\u00e1s el impacto que puede generar esta iniciativa en la comuna. \u201cEsto es muy significativo porque busca revitalizar el comercio local, revitalizar la calle como eje principal del comercio, y tambi\u00e9n como espacio de bienvenida a los turistas\u201d, a\u00f1adi\u00f3.<\/p>\n\n\n\n<p>Desde los propios comerciantes valoraron la instancia de trabajo colaborativo. Erika Salinas, del local Almac\u00e9n Maran, coment\u00f3 que \u201cme ha parecido una muy bonita experiencia, porque nos hemos conocido, hemos estado compartiendo m\u00e1s y estamos trabajando en la seguridad para estar todos unidos. Estar en este proyecto es un beneficio para todos y para la comunidad\u201d.<\/p>\n\n\n\n<p>Agreg\u00f3 que el programa tambi\u00e9n ha permitido generar v\u00ednculos entre los participantes. \u201cCada uno est\u00e1 en su local, cada uno tiene su historia. Hemos ido compartiendo, estamos en talleres y resolviendo problemas que tiene la comunidad. Ah\u00ed vamos a estar nosotros organiz\u00e1ndonos para sacar adelante el barrio comercial, para que sea bonito y que la gente se acerque a conocernos\u201d, expres\u00f3.<\/p>\n\n\n\n<p>Por su parte, Valeria Briones, directora de Savia Consultores, explic\u00f3 que una de las actividades desarrolladas corresponde a un taller de fortalecimiento organizacional. \u201cEntendiendo que este barrio ya lleva algunos meses trabajando, es importante que se proyecte en el futuro\u201d, indic\u00f3.<\/p>\n\n\n\n<p>\u201cLa idea es trabajar la confianza, buena comunicaci\u00f3n, y que podamos terminar este taller con un plan de acci\u00f3n para el barrio en tem\u00e1ticas que a ellos les interesan, con roles claros y definidos que les permitan proyectarse en el mediano y largo plazo en su accionar\u201d, concluy\u00f3.<\/p>\n","protected":false},"excerpt":{"rendered":"<p>El pasado viernes, en dependencias de la Asociaci\u00f3n Minera de Andacollo, se desarroll\u00f3 una nueva jornada de trabajo del programa Barrios Comerciales, impulsado por SERCOTEC, instancia que reuni\u00f3 a los comerciantes que integran esta iniciativa orientada a fortalecer el comercio local de la comuna. Actualmente son 26 socios los que forman parte del programa, cuyo [&hellip;]<\/p>\n","protected":false},"author":3,"featured_media":0,"comment_status":"open","ping_status":"open","sticky":false,"template":"","format":"standard","meta":{"_acf_changed":false,"footnotes":""},"categories":[1],"tags":[4688],"acf":[],"aioseo_notices":[],"_links":{"self":[{"href":"https:\/\/www.andacolloconectado.cl\/index.php\/wp-json\/wp\/v2\/posts\/16977"}],"collection":[{"href":"https:\/\/www.andacolloconectado.cl\/index.php\/wp-json\/wp\/v2\/posts"}],"about":[{"href":"https:\/\/www.andacolloconectado.cl\/index.php\/wp-json\/wp\/v2\/types\/post"}],"author":[{"embeddable":true,"href":"https:\/\/www.andacolloconectado.cl\/index.php\/wp-json\/wp\/v2\/users\/3"}],"replies":[{"embeddable":true,"href":"https:\/\/www.andacolloconectado.cl\/index.php\/wp-json\/wp\/v2\/comments?post=16977"}],"version-history":[{"count":1,"href":"https:\/\/www.andacolloconectado.cl\/index.php\/wp-json\/wp\/v2\/posts\/16977\/revisions"}],"predecessor-version":[{"id":16979,"href":"https:\/\/www.andacolloconectado.cl\/index.php\/wp-json\/wp\/v2\/posts\/16977\/revisions\/16979"}],"wp:attachment":[{"href":"https:\/\/www.andacolloconectado.cl\/index.php\/wp-json\/wp\/v2\/media?parent=16977"}],"wp:term":[{"taxonomy":"category","embeddable":true,"href":"https:\/\/www.andacolloconectado.cl\/index.php\/wp-json\/wp\/v2\/categories?post=16977"},{"taxonomy":"post_tag","embeddable":true,"href":"https:\/\/www.andacolloconectado.cl\/index.php\/wp-json\/wp\/v2\/tags?post=16977"}],"curies":[{"name":"wp","href":"https:\/\/api.w.org\/{rel}","templated":true}]}}