{"id":16980,"date":"2026-04-28T19:54:03","date_gmt":"2026-04-28T19:54:03","guid":{"rendered":"https:\/\/www.andacolloconectado.cl\/?p=16980"},"modified":"2026-04-28T19:54:04","modified_gmt":"2026-04-28T19:54:04","slug":"region-de-coquimbo-se-adjudica-mas-de-200-millones-para-el-fondo-del-libro-y-la-lectura","status":"publish","type":"post","link":"https:\/\/www.andacolloconectado.cl\/index.php\/region-de-coquimbo-se-adjudica-mas-de-200-millones-para-el-fondo-del-libro-y-la-lectura\/","title":{"rendered":"Regi\u00f3n de Coquimbo se adjudica m\u00e1s de $200 millones para el Fondo del Libro y la Lectura"},"content":{"rendered":"\n<p><strong><em>Se trata de un fondo concursable que este a\u00f1o financiar\u00e1 19 proyectos. La postulaci\u00f3n 2027 se realizar\u00e1 entre los meses de junio y julio.<\/em><\/strong><\/p>\n\n\n\n<p>El Fondo del Libro y la Lectura es uno de los fondos concursables sectoriales que cada a\u00f1o entrega el Ministerio de las Culturas, las Artes y el Patrimonio, y a nivel regional se dispondr\u00e1 de m\u00e1s de 222 millones de pesos para financiar 19 proyectos.<\/p>\n\n\n\n<p><strong>\u201cYa estamos en las firmas de convenio y las transferencias de recursos para este 2026 con las agrupaciones. Tenemos el fomento a la creaci\u00f3n, que tiene por objetivo fomentar la creaci\u00f3n literaria, tambi\u00e9n el fomento a la industria, que financiar total o parcialmente los proyectos de edici\u00f3n, publicaci\u00f3n y distribuci\u00f3n de libros\u201d,<\/strong> explic\u00f3 el Seremi de las Culturas, las Artes y el Patrimonio, Darwin Castro.<\/p>\n\n\n\n<p>El Seremi agreg\u00f3 que entre otras l\u00edneas de financiamiento est\u00e1 la difusi\u00f3n en medios de comunicaci\u00f3n, que tiene por objetivo la difusi\u00f3n y promoci\u00f3n de este contenido, y el fomento a la lectura, escritura y comunicaci\u00f3n oral.<\/p>\n\n\n\n<p>Se trata de un fondo abierto cuyos recursos se ejecutar\u00e1n en distintas comunas de la Regi\u00f3n de Coquimbo durante este a\u00f1o 2026, entre ellas La Serena, Coquimbo, La Higuera, Paihuano, Vicu\u00f1a, Ovalle y Los Vilos.<\/p>\n\n\n\n<p>Las postulaciones para el a\u00f1o 2027 se realizar\u00e1n entre los meses de junio y julio.<\/p>\n\n\n\n<p><strong>\u201cLa invitaci\u00f3n es a postular. Nosotros, a trav\u00e9s de los canales oficiales del ministerio, de la p\u00e1gina web y las redes sociales vamos a hacer el llamado a la convocatoria para que podamos obtener mayores recursos para nuestra Regi\u00f3n de Coquimbo. Este es un fondo concursable que va a nivel nacional, pero la idea es que ya comiencen a elaborar sus proyectos, porque este fondo apunta desde la idea inicial de escribir un libro, hasta la promoci\u00f3n, la difusi\u00f3n y su publicaci\u00f3n\u201d,<\/strong> acot\u00f3 Darwin Castro.<\/p>\n\n\n\n<p>El Fondo del Libro y la Lectura fue creado en el a\u00f1o 1993, y busca fomentar y promover proyectos, programas y tambi\u00e9n acciones de apoyo a la creaci\u00f3n literaria, la promoci\u00f3n de la lectura, la industria del libro y tambi\u00e9n la difusi\u00f3n de la actividad literaria.<\/p>\n","protected":false},"excerpt":{"rendered":"<p>Se trata de un fondo concursable que este a\u00f1o financiar\u00e1 19 proyectos. La postulaci\u00f3n 2027 se realizar\u00e1 entre los meses de junio y julio. El Fondo del Libro y la Lectura es uno de los fondos concursables sectoriales que cada a\u00f1o entrega el Ministerio de las Culturas, las Artes y el Patrimonio, y a nivel [&hellip;]<\/p>\n","protected":false},"author":3,"featured_media":0,"comment_status":"open","ping_status":"open","sticky":false,"template":"","format":"standard","meta":{"_acf_changed":false,"footnotes":""},"categories":[1],"tags":[1668,258],"acf":[],"aioseo_notices":[],"_links":{"self":[{"href":"https:\/\/www.andacolloconectado.cl\/index.php\/wp-json\/wp\/v2\/posts\/16980"}],"collection":[{"href":"https:\/\/www.andacolloconectado.cl\/index.php\/wp-json\/wp\/v2\/posts"}],"about":[{"href":"https:\/\/www.andacolloconectado.cl\/index.php\/wp-json\/wp\/v2\/types\/post"}],"author":[{"embeddable":true,"href":"https:\/\/www.andacolloconectado.cl\/index.php\/wp-json\/wp\/v2\/users\/3"}],"replies":[{"embeddable":true,"href":"https:\/\/www.andacolloconectado.cl\/index.php\/wp-json\/wp\/v2\/comments?post=16980"}],"version-history":[{"count":1,"href":"https:\/\/www.andacolloconectado.cl\/index.php\/wp-json\/wp\/v2\/posts\/16980\/revisions"}],"predecessor-version":[{"id":16982,"href":"https:\/\/www.andacolloconectado.cl\/index.php\/wp-json\/wp\/v2\/posts\/16980\/revisions\/16982"}],"wp:attachment":[{"href":"https:\/\/www.andacolloconectado.cl\/index.php\/wp-json\/wp\/v2\/media?parent=16980"}],"wp:term":[{"taxonomy":"category","embeddable":true,"href":"https:\/\/www.andacolloconectado.cl\/index.php\/wp-json\/wp\/v2\/categories?post=16980"},{"taxonomy":"post_tag","embeddable":true,"href":"https:\/\/www.andacolloconectado.cl\/index.php\/wp-json\/wp\/v2\/tags?post=16980"}],"curies":[{"name":"wp","href":"https:\/\/api.w.org\/{rel}","templated":true}]}}