{"id":16983,"date":"2026-04-29T13:26:20","date_gmt":"2026-04-29T13:26:20","guid":{"rendered":"https:\/\/www.andacolloconectado.cl\/?p=16983"},"modified":"2026-04-29T13:26:21","modified_gmt":"2026-04-29T13:26:21","slug":"andacollo-inaugura-renovada-cancha-sintetica-del-parque-oasis-con-inversion-de-150-millones","status":"publish","type":"post","link":"https:\/\/www.andacolloconectado.cl\/index.php\/andacollo-inaugura-renovada-cancha-sintetica-del-parque-oasis-con-inversion-de-150-millones\/","title":{"rendered":"Andacollo inaugura renovada cancha sint\u00e9tica del Parque Oasis con inversi\u00f3n de $150 millones"},"content":{"rendered":"\n<p><strong><em>Mejoramiento financiado con recursos del royalty minero permitir\u00e1 fortalecer la pr\u00e1ctica deportiva de ni\u00f1os, j\u00f3venes y adultos de la comuna.<\/em><\/strong><\/p>\n\n\n\n<p>Con la presencia de autoridades regionales, comunales y representantes del mundo deportivo, la Municipalidad de Andacollo inaugur\u00f3 es el pasado s\u00e1bado la completa reparaci\u00f3n de la cancha sint\u00e9tica y cierre perimetral del Parque Oasis, recinto que pasa a convertirse en un espacio de primer nivel para el desarrollo del f\u00fatbol local.<\/p>\n\n\n\n<p>La ceremonia fue encabezada por el alcalde de Andacollo, Juan Carlos Alfaro, junto al seremi del Deporte, Ismael Zapata, y otros representantes de la comuna y empresa privada, instancia que permiti\u00f3 compartir distintas visiones respecto a estos avances para la comuna.<\/p>\n\n\n\n<p>Durante la jornada tambi\u00e9n se realiz\u00f3 la premiaci\u00f3n a los campeones del torneo de f\u00fatbol adulto y un reconocimiento especial a futbolistas hist\u00f3ricos de la comuna que han destacado a nivel nacional defendiendo los colores de Andacollo.<\/p>\n\n\n\n<p>El presidente de la Asociaci\u00f3n de F\u00fatbol de Andacollo, Dixon Past\u00e9n, valor\u00f3 el impacto que tendr\u00e1 esta obra para el deporte formativo y competitivo. \u201cAl tener dos canchas, los ni\u00f1os, preinfantiles y juveniles pueden jugar mejor y m\u00e1s de d\u00eda. Estamos felices de poder comenzar un nuevo campeonato 2026 con mejores condiciones para el desarrollo del deporte\u201d, se\u00f1al\u00f3.<\/p>\n\n\n\n<p>Por su parte, el alcalde Juan Carlos Alfaro destac\u00f3 que el nuevo recinto cuenta con pasto sint\u00e9tico de alto est\u00e1ndar y mejores condiciones de seguridad. \u201cEsta cancha queda a disposici\u00f3n de la comunidad y de la asociaci\u00f3n de f\u00fatbol, siendo un aporte importante para la infraestructura deportiva de nuestra comuna, porque es de primer nivel\u201d, indic\u00f3.<\/p>\n\n\n\n<p>Asimismo, el seremi del Deporte, Ismael Zapata, manifest\u00f3 su satisfacci\u00f3n por el mejoramiento de los recintos deportivos comunales y comprometi\u00f3 su respaldo al desarrollo deportivo de Andacollo.<\/p>\n\n\n\n<p>La inversi\u00f3n alcanz\u00f3 los $150 millones, financiados directamente por el municipio a trav\u00e9s de recursos provenientes del royalty minero, permitiendo concretar una cancha con est\u00e1ndar FIFA y mejores espacios para la actividad f\u00edsica y la calidad de vida de la comunidad.<\/p>\n\n\n\n<p>En tanto, Roberto Riffo, gerente de gesti\u00f3n comunitaria de Teck CDA, se\u00f1al\u00f3 que, si bien la compa\u00f1\u00eda no particip\u00f3 de las obras, s\u00ed quiso sumarse a las actividades deportivas de inauguraci\u00f3n. \u201cCreemos que este recinto entrega un espacio muy \u00fatil para todos los deportistas, ni\u00f1os y adultos, y esa es la idea, contribuir de forma positiva en los espacios de reuni\u00f3n\u201d, expres\u00f3.<\/p>\n\n\n\n<p>La ceremonia culmin\u00f3 con la bendici\u00f3n del p\u00e1rroco Pedro Rojas y el corte de cinta junto a autoridades y a la comunidad deportiva local. Sin duda, una instancia que, de ahora en adelante, se podr\u00e1 utilizar por los j\u00f3venes deportistas de Andacollo, mejorando su calidad y rendimiento con la nueva infraestructura.<\/p>\n","protected":false},"excerpt":{"rendered":"<p>Mejoramiento financiado con recursos del royalty minero permitir\u00e1 fortalecer la pr\u00e1ctica deportiva de ni\u00f1os, j\u00f3venes y adultos de la comuna. Con la presencia de autoridades regionales, comunales y representantes del mundo deportivo, la Municipalidad de Andacollo inaugur\u00f3 es el pasado s\u00e1bado la completa reparaci\u00f3n de la cancha sint\u00e9tica y cierre perimetral del Parque Oasis, recinto [&hellip;]<\/p>\n","protected":false},"author":3,"featured_media":0,"comment_status":"open","ping_status":"open","sticky":false,"template":"","format":"standard","meta":{"_acf_changed":false,"footnotes":""},"categories":[1],"tags":[256],"acf":[],"aioseo_notices":[],"_links":{"self":[{"href":"https:\/\/www.andacolloconectado.cl\/index.php\/wp-json\/wp\/v2\/posts\/16983"}],"collection":[{"href":"https:\/\/www.andacolloconectado.cl\/index.php\/wp-json\/wp\/v2\/posts"}],"about":[{"href":"https:\/\/www.andacolloconectado.cl\/index.php\/wp-json\/wp\/v2\/types\/post"}],"author":[{"embeddable":true,"href":"https:\/\/www.andacolloconectado.cl\/index.php\/wp-json\/wp\/v2\/users\/3"}],"replies":[{"embeddable":true,"href":"https:\/\/www.andacolloconectado.cl\/index.php\/wp-json\/wp\/v2\/comments?post=16983"}],"version-history":[{"count":1,"href":"https:\/\/www.andacolloconectado.cl\/index.php\/wp-json\/wp\/v2\/posts\/16983\/revisions"}],"predecessor-version":[{"id":16985,"href":"https:\/\/www.andacolloconectado.cl\/index.php\/wp-json\/wp\/v2\/posts\/16983\/revisions\/16985"}],"wp:attachment":[{"href":"https:\/\/www.andacolloconectado.cl\/index.php\/wp-json\/wp\/v2\/media?parent=16983"}],"wp:term":[{"taxonomy":"category","embeddable":true,"href":"https:\/\/www.andacolloconectado.cl\/index.php\/wp-json\/wp\/v2\/categories?post=16983"},{"taxonomy":"post_tag","embeddable":true,"href":"https:\/\/www.andacolloconectado.cl\/index.php\/wp-json\/wp\/v2\/tags?post=16983"}],"curies":[{"name":"wp","href":"https:\/\/api.w.org\/{rel}","templated":true}]}}