{"id":16986,"date":"2026-04-29T17:32:02","date_gmt":"2026-04-29T17:32:02","guid":{"rendered":"https:\/\/www.andacolloconectado.cl\/?p=16986"},"modified":"2026-04-29T17:32:03","modified_gmt":"2026-04-29T17:32:03","slug":"union-comunal-de-la-cultura-lanza-podcasts-memoria-biografica-de-los-forjadores-del-patrimonio-y-la-identidad-andacollina","status":"publish","type":"post","link":"https:\/\/www.andacolloconectado.cl\/index.php\/union-comunal-de-la-cultura-lanza-podcasts-memoria-biografica-de-los-forjadores-del-patrimonio-y-la-identidad-andacollina\/","title":{"rendered":"Uni\u00f3n Comunal de la Cultura lanza Podcasts \u201cMemoria Biogr\u00e1fica de los Forjadores del Patrimonio y la Identidad Andacollina\u201d"},"content":{"rendered":"\n<p>La Uni\u00f3n Comunal de la Cultura lanza ciclo de podcast, que rescatan vida y legado de artistas, cultores y gestores culturales, que forjaron la historia reciente de Andacollo, en el marco del IX Programa Cultural, que cuenta con el financiamiento de la Mesa Cat.<\/p>\n\n\n\n<p>Esta iniciativa de reconstrucci\u00f3n y resguardo patrimonial, cont\u00f3 con el material de investigaci\u00f3n realizado por el profesor Miguel \u00c1ngel Castillo Lobos y producidas por el equipo de FM Voces de la Escuela de Talentos Andacollinos, en total son 18 historias biogr\u00e1ficas, y puede ser disfrutada en la p\u00e1gina <a href=\"https:\/\/uccandacollo.cl\/forjadores-andacollinos\">https:\/\/uccandacollo.cl\/forjadores-andacollinos<\/a> tambi\u00e9n est\u00e1 disponible para los medios que deseen difundir, en el link <a href=\"https:\/\/soundcloud.com\/radio-fmvoces\/sets\/forjadores-de-la-identidad)\">https:\/\/soundcloud.com\/radio-fmvoces\/sets\/forjadores-de-la-identidad)<\/a> .<\/p>\n\n\n\n<p>El ciclo busca reconocer, valorar y preservar la memoria de quienes tanto han aportado al sentido profundo de la identidad andacollina e incentive la reflexi\u00f3n sobre la importancia de la memoria colectiva, como forjadora de nuestra identidad y construcci\u00f3n de futuro.<\/p>\n\n\n\n<p>As\u00ed podremos conocer algo de la vida y obra de: Humberto Escalante, Marcos Vega, Justo Cort\u00e9s, H\u00e9ctor vega, Bernardo Morales, Oscar Zepeda, Edmundo Escalante, Nicol\u00e1s Vega, Carlos Ruiz, Jorge Araya, Juan Rojas, Alvino Vega, Eduardo Rojas, Soledad Calder\u00f3n, Teresa Aeultt y Rodrigo Ponce.<\/p>\n\n\n\n<p><strong><u>Reconocimiento y Homenaje<\/u><\/strong><\/p>\n\n\n\n<p>Como cierre de este ciclo, la Uni\u00f3n Comunal de la Cultura, realizar\u00e1 una ceremonia de reconocimiento y homenaje, con las familias de los cultores, a fin de mantener viva en la memoria colectiva, a quienes crearon espacios culturales, actuaron o cantaron, defendieron tradiciones desde la cotidianeidad, organizaron comunidad o hicieron del arte y la cultura, una forma de vida.<\/p>\n\n\n\n<p>As\u00ed el IX Programa Cultural de la Uni\u00f3n Comunal de la Cultura y sus imitativas patrimoniales culturales, buscan ser un puente entre generaciones; donde el pasado no aparece como una pieza inm\u00f3vil, sino como una herencia activa capaz de dialogar y aportar al presente.<\/p>\n\n\n\n<p>En tiempos marcados por la velocidad, el olvido y la fragilidad de los v\u00ednculos comunitarios, trabajar sobre la memoria, se vuelve tambi\u00e9n una forma de cuidado colectivo. Cuidar, sobre todo, lo que hemos sido, para no perder aquello que nos sostiene y proyecta hacia el futuro.<\/p>\n","protected":false},"excerpt":{"rendered":"<p>La Uni\u00f3n Comunal de la Cultura lanza ciclo de podcast, que rescatan vida y legado de artistas, cultores y gestores culturales, que forjaron la historia reciente de Andacollo, en el marco del IX Programa Cultural, que cuenta con el financiamiento de la Mesa Cat. Esta iniciativa de reconstrucci\u00f3n y resguardo patrimonial, cont\u00f3 con el material [&hellip;]<\/p>\n","protected":false},"author":3,"featured_media":0,"comment_status":"open","ping_status":"open","sticky":false,"template":"","format":"standard","meta":{"_acf_changed":false,"footnotes":""},"categories":[1],"tags":[135],"acf":[],"aioseo_notices":[],"_links":{"self":[{"href":"https:\/\/www.andacolloconectado.cl\/index.php\/wp-json\/wp\/v2\/posts\/16986"}],"collection":[{"href":"https:\/\/www.andacolloconectado.cl\/index.php\/wp-json\/wp\/v2\/posts"}],"about":[{"href":"https:\/\/www.andacolloconectado.cl\/index.php\/wp-json\/wp\/v2\/types\/post"}],"author":[{"embeddable":true,"href":"https:\/\/www.andacolloconectado.cl\/index.php\/wp-json\/wp\/v2\/users\/3"}],"replies":[{"embeddable":true,"href":"https:\/\/www.andacolloconectado.cl\/index.php\/wp-json\/wp\/v2\/comments?post=16986"}],"version-history":[{"count":1,"href":"https:\/\/www.andacolloconectado.cl\/index.php\/wp-json\/wp\/v2\/posts\/16986\/revisions"}],"predecessor-version":[{"id":16988,"href":"https:\/\/www.andacolloconectado.cl\/index.php\/wp-json\/wp\/v2\/posts\/16986\/revisions\/16988"}],"wp:attachment":[{"href":"https:\/\/www.andacolloconectado.cl\/index.php\/wp-json\/wp\/v2\/media?parent=16986"}],"wp:term":[{"taxonomy":"category","embeddable":true,"href":"https:\/\/www.andacolloconectado.cl\/index.php\/wp-json\/wp\/v2\/categories?post=16986"},{"taxonomy":"post_tag","embeddable":true,"href":"https:\/\/www.andacolloconectado.cl\/index.php\/wp-json\/wp\/v2\/tags?post=16986"}],"curies":[{"name":"wp","href":"https:\/\/api.w.org\/{rel}","templated":true}]}}