{"id":17417,"date":"2026-08-31T17:30:23","date_gmt":"2026-08-31T17:30:23","guid":{"rendered":"https:\/\/www.andacolloconectado.cl\/?p=17417"},"modified":"2026-08-31T17:30:25","modified_gmt":"2026-08-31T17:30:25","slug":"natalicio-de-pedro-regalado-videla-liceo-de-andacollo-destaca-el-espiritu-de-servicio-y-compromiso-comunitario","status":"publish","type":"post","link":"https:\/\/www.andacolloconectado.cl\/index.php\/natalicio-de-pedro-regalado-videla-liceo-de-andacollo-destaca-el-espiritu-de-servicio-y-compromiso-comunitario\/","title":{"rendered":"Natalicio de Pedro Regalado Videla: Liceo de Andacollo destaca el esp\u00edritu de servicio y compromiso comunitario"},"content":{"rendered":"\n<p><strong>La ceremonia tambi\u00e9n marc\u00f3 el cierre de la Semana de la Educaci\u00f3n T\u00e9cnico Profesional y distingui\u00f3 a estudiantes y ex alumnos que representan los valores asociados a la figura del Cirujano Videla.<\/strong><strong><\/strong><\/p>\n\n\n\n<p>Con un acto c\u00edvico denominado <strong>\u201cFormando<\/strong><strong> <\/strong><strong>J\u00f3venes<\/strong><strong> <\/strong><strong>con<\/strong><strong> <\/strong><strong>Esp\u00edritu<\/strong><strong> <\/strong><strong>Emprendedor\u201d<\/strong>, el Liceo Bicentenario de Excelencia Pedro Regalado Videla de Andacollo conmemor\u00f3 este viernes 28 de agosto el natalicio de su patrono, el cirujano Pedro Regalado Videla, actividad que adem\u00e1s permiti\u00f3 dar cierre a la Semana de la Educaci\u00f3n T\u00e9cnico Profesional.<\/p>\n\n\n\n<p>En la oportunidad, la comunidad educativa realiz\u00f3 un especial reconocimiento a instituciones que tuvieron un rol fundamental durante la emergencia que afect\u00f3 a la comuna a partir del pasado 15 de julio, destacando el compromiso y vocaci\u00f3n de servicio de <strong>Bomberos de Andacollo, Carabineros, el Hospital y la Ilustre Municipalidad de Andacollo<\/strong>, particularmente sus equipos de emergencia.<\/p>\n\n\n\n<p>La directora del establecimiento, <strong>Mar\u00eda Lorena Araya<\/strong>, explic\u00f3 que estos reconocimientos buscaron destacar a instituciones que, a trav\u00e9s de su trabajo y compromiso con la comunidad, encarnan valores que tambi\u00e9n forman parte del legado de Pedro Regalado Videla.<\/p>\n\n\n\n<p>\u201cEste a\u00f1o reconocimos las instituciones relevantes y que encarnan los valores de Pedro Regalado Videla\u201d, se\u00f1al\u00f3 la directora, destacando especialmente la labor desarrollada durante la emergencia que afect\u00f3 a la comuna.<\/p>\n\n\n\n<p>La ceremonia tambi\u00e9n permiti\u00f3 relevar el rol de los estudiantes de la educaci\u00f3n t\u00e9cnico profesional, reconociendo en ellos valores como la participaci\u00f3n, el esp\u00edritu de servicio y el compromiso con su entorno. Para Araya, estas instancias buscan motivar a los j\u00f3venes a involucrarse activamente en los distintos procesos de la comuna, la regi\u00f3n y el pa\u00eds, fortaleciendo su participaci\u00f3n tanto en el \u00e1mbito laboral como comunitario.<\/p>\n\n\n\n<p>Por otra parte, uno de los momentos destacados de la jornada fue el reconocimiento como<strong>\u201cJoven H\u00e9roe Pedro Regalado Videla\u201d<\/strong>a<strong>Ricardo Pizarro Molina<\/strong>, exalumno del establecimiento y actual voluntario del Cuerpo de Bomberos de Andacollo.<\/p>\n\n\n\n<p>La directora destac\u00f3 que Pizarro representa valores vinculados al legado del cirujano Videla, como la humildad, el esp\u00edritu de servicio, la vocaci\u00f3n y el trabajo por los dem\u00e1s. \u201cEs un exestudiante del \u00e1rea t\u00e9cnico profesional, pero vive los valores de la humildad, del esp\u00edritu de servicio, de la vocaci\u00f3n y el trabajo por el otro a trav\u00e9s del cuerpo de Bomberos de Chile, en este caso nuestro querido Cuerpo de Bomberos de Andacollo\u201d, expres\u00f3 Mar\u00eda Lorena Araya.<\/p>\n\n\n\n<p>Por su parte, Ricardo Pizarro manifest\u00f3 su agradecimiento por la distinci\u00f3n recibida y por el cari\u00f1o de la comunidad educativa. \u201cMe siento muy agradecido por el premio que me dio mi querido liceo, que es de un joven h\u00e9roe\u201d, se\u00f1al\u00f3 el exalumno y actual voluntario de Bomberos, quien tambi\u00e9n agradeci\u00f3 especialmente a su profesora Silvia, a la directora y a sus compa\u00f1eros.<\/p>\n\n\n\n<p>Desde el municipio, la jefa de DIDECO, <strong>Constanza Rojas<\/strong>, valor\u00f3 el reconocimiento realizado por el establecimiento y destac\u00f3 el compromiso demostrado por los funcionarios municipales durante la emergencia.<\/p>\n\n\n\n<p>&nbsp;Rojas agradeci\u00f3 al equipo educativo del Liceo Pedro Regalado Videla por la distinci\u00f3n y relev\u00f3 el trabajo realizado por los funcionarios p\u00fablicos que, durante la emergencia, dejaron de lado sus propias situaciones personales y familiares para ponerse al servicio de la comunidad. \u201cEsto es el servicio p\u00fablico, y ac\u00e1 es cuando nosotros vemos la convicci\u00f3n de lo que significa trabajar en el \u00e1mbito p\u00fablico\u201d, expres\u00f3.<\/p>\n\n\n\n<p>Asimismo, extendi\u00f3 el reconocimiento a quienes integran las distintas instituciones que trabajaron durante la emergencia, destacando a funcionarios de salud, Bomberos, Carabineros y las diferentes unidades que contribuyeron de manera desinteresada a enfrentar la situaci\u00f3n que afect\u00f3 a Andacollo.<\/p>\n\n\n\n<p>De esta manera, la ceremonia permiti\u00f3 no solo conmemorar el natalicio de Pedro Regalado Videla, sino tambi\u00e9n poner en valor el esp\u00edritu de servicio y compromiso con la comunidad, vinculando el legado del cirujano con las nuevas generaciones de estudiantes y con quienes diariamente trabajan por el bienestar de Andacollo.<\/p>\n","protected":false},"excerpt":{"rendered":"<p>La ceremonia tambi\u00e9n marc\u00f3 el cierre de la Semana de la Educaci\u00f3n T\u00e9cnico Profesional y distingui\u00f3 a estudiantes y ex alumnos que representan los valores asociados a la figura del Cirujano Videla. Con un acto c\u00edvico denominado \u201cFormando J\u00f3venes con Esp\u00edritu Emprendedor\u201d, el Liceo Bicentenario de Excelencia Pedro Regalado Videla de Andacollo conmemor\u00f3 este viernes [&hellip;]<\/p>\n","protected":false},"author":3,"featured_media":0,"comment_status":"open","ping_status":"open","sticky":false,"template":"","format":"standard","meta":{"_acf_changed":false,"footnotes":""},"categories":[1],"tags":[3888,2516],"acf":[],"aioseo_notices":[],"_links":{"self":[{"href":"https:\/\/www.andacolloconectado.cl\/index.php\/wp-json\/wp\/v2\/posts\/17417"}],"collection":[{"href":"https:\/\/www.andacolloconectado.cl\/index.php\/wp-json\/wp\/v2\/posts"}],"about":[{"href":"https:\/\/www.andacolloconectado.cl\/index.php\/wp-json\/wp\/v2\/types\/post"}],"author":[{"embeddable":true,"href":"https:\/\/www.andacolloconectado.cl\/index.php\/wp-json\/wp\/v2\/users\/3"}],"replies":[{"embeddable":true,"href":"https:\/\/www.andacolloconectado.cl\/index.php\/wp-json\/wp\/v2\/comments?post=17417"}],"version-history":[{"count":1,"href":"https:\/\/www.andacolloconectado.cl\/index.php\/wp-json\/wp\/v2\/posts\/17417\/revisions"}],"predecessor-version":[{"id":17419,"href":"https:\/\/www.andacolloconectado.cl\/index.php\/wp-json\/wp\/v2\/posts\/17417\/revisions\/17419"}],"wp:attachment":[{"href":"https:\/\/www.andacolloconectado.cl\/index.php\/wp-json\/wp\/v2\/media?parent=17417"}],"wp:term":[{"taxonomy":"category","embeddable":true,"href":"https:\/\/www.andacolloconectado.cl\/index.php\/wp-json\/wp\/v2\/categories?post=17417"},{"taxonomy":"post_tag","embeddable":true,"href":"https:\/\/www.andacolloconectado.cl\/index.php\/wp-json\/wp\/v2\/tags?post=17417"}],"curies":[{"name":"wp","href":"https:\/\/api.w.org\/{rel}","templated":true}]}}