{"id":17420,"date":"2026-09-01T16:08:37","date_gmt":"2026-09-01T16:08:37","guid":{"rendered":"https:\/\/www.andacolloconectado.cl\/?p=17420"},"modified":"2026-09-01T16:08:38","modified_gmt":"2026-09-01T16:08:38","slug":"andacollo-se-prepara-para-celebrar-fiestas-patrias-con-entrega-de-subvenciones-e-implementos-a-las-26-unidades-vecinales","status":"publish","type":"post","link":"https:\/\/www.andacolloconectado.cl\/index.php\/andacollo-se-prepara-para-celebrar-fiestas-patrias-con-entrega-de-subvenciones-e-implementos-a-las-26-unidades-vecinales\/","title":{"rendered":"Andacollo se prepara para celebrar Fiestas Patrias con entrega de subvenciones e implementos a las 26 unidades vecinales"},"content":{"rendered":"\n<p><strong>Con cueca, tradiciones y esp\u00edritu comunitario, la Municipalidad de Andacollo realiz\u00f3 la entrega de la subvenci\u00f3n especial de Fiestas Patrias a las organizaciones vecinales de la comuna, tanto del sector urbano como rural.<\/strong><strong><\/strong><\/p>\n\n\n\n<p>Con el entusiasmo propio de septiembre y a pocos d\u00edas de comenzar oficialmente las celebraciones de Fiestas Patrias, la tarde de este lunes se realiz\u00f3 en el Sal\u00f3n Auditorium de la Municipalidad de Andacollo una especial ceremonia que reuni\u00f3 a dirigentes y representantes de las <strong>26 unidades vecinales de la comuna<\/strong>.<\/p>\n\n\n\n<p>La jornada tuvo como objetivo entregar la tradicional subvenci\u00f3n especial de Fiestas Patrias, adem\u00e1s de diversos implementos, entre ellos banderolas y elementos de ornamentaci\u00f3n, que permitir\u00e1n a cada sector preparar sus barrios y desarrollar actividades para compartir junto a sus vecinos durante estas fechas.<\/p>\n\n\n\n<p>La presidenta de la Junta de Vecinos N\u00b019, Villa Antuco, <strong>Esperanza Pereira<\/strong>, valor\u00f3 el aporte recibido y destac\u00f3 que estos recursos ser\u00e1n aprovechados para hermosear el sector y dar mayor realce a las celebraciones. \u201cLos vamos a aprovechar al m\u00e1ximo. Estas cositas son muy bienvenidas para alegrar nuestra Villa Antuco y hermosear nuestro sector con lo que nos entregaron. Muy agradecida por eso, para darle realce a nuestras Fiestas Patrias y celebrarlas como se debe\u201d, se\u00f1al\u00f3.<\/p>\n\n\n\n<p>La dirigenta tambi\u00e9n cont\u00f3 c\u00f3mo tradicionalmente celebran estas fechas junto a sus vecinos, destacando la importancia de generar espacios de encuentro para toda la comunidad. \u201cTenemos un almuerzo, un asadito a la hora de almuerzo con los vecinos, con los ni\u00f1itos, entregarles sus cositas y hacer algunas competencias por ah\u00ed, y la pasamos regio\u201d, relat\u00f3.<\/p>\n\n\n\n<p>El alcalde de Andacollo, <strong>Juan Carlos Alfaro<\/strong>, destac\u00f3 el compromiso permanente de las organizaciones sociales y explic\u00f3 que, como cada a\u00f1o, el municipio dispone de recursos para apoyar las celebraciones en los distintos sectores de la comuna. \u201cComo todos los a\u00f1os celebramos nuestras Fiestas Patrias de la mejor manera posible. Todos los a\u00f1os tambi\u00e9n entregamos una subvenci\u00f3n a la Uni\u00f3n Comunal de Juntas de Vecinos, pero tambi\u00e9n hacemos entrega de implementos para los juegos populares en cada uno de los sectores de nuestra comunidad\u201d, indic\u00f3.<\/p>\n\n\n\n<p>La autoridad comunal puso en valor, adem\u00e1s, el trabajo que realizan durante todo el a\u00f1o los dirigentes vecinales, especialmente el apoyo que han brindado a sus comunidades frente a situaciones complejas que ha vivido la comuna. \u201cEs muy importante la labor que realizan cada uno de los dirigentes, los presidentes y directivas de las juntas de vecinos. Quiero destacar el rol que ellos realizan durante todo el a\u00f1o, as\u00ed como tambi\u00e9n nos ayudaron en los tiempos dif\u00edciles, ahora en el temporal de lluvia y viento que tuvimos\u201d, destac\u00f3 el alcalde.<\/p>\n\n\n\n<p>En representaci\u00f3n de la Uni\u00f3n Comunal de Juntas de Vecinos, su tesorera, <strong>Elba Rojas<\/strong>, agradeci\u00f3 el aporte realizado por el municipio y se\u00f1al\u00f3 que como organizaci\u00f3n evaluar\u00e1n la mejor manera de utilizar estos recursos en beneficio de las unidades vecinales. \u201cPara m\u00ed, como representante de la Uni\u00f3n Comunal, me parece muy bien darle las gracias a la municipalidad por este aporte que nos est\u00e1n haciendo. Muchas gracias en nombre de todas las juntas de vecinos\u201d, expres\u00f3.<\/p>\n\n\n\n<p>Asimismo, hizo un llamado a mantener vivas las tradiciones chilenas y a compartirlas especialmente con los ni\u00f1os y ni\u00f1as de los distintos barrios. \u201cA todas las dirigentas de las juntas de vecinos, que lo puedan compartir con todos los ni\u00f1os de nuestros barrios, tratar de hacer los juegos m\u00e1s t\u00edpicos que nos corresponden. La idea es tener esas evidencias para ver que nosotros no hemos perdido la tradici\u00f3n de nuestro Chile\u201d, manifest\u00f3.<\/p>\n\n\n\n<p>Desde el Concejo Municipal, la concejala <strong>Ana Jeraldo<\/strong>destac\u00f3 que la subvenci\u00f3n fue aprobada por el cuerpo colegiado y que este a\u00f1o se increment\u00f3 el monto destinado a estas celebraciones. \u201cEstamos muy contentos de haber entregado esta subvenci\u00f3n municipal, que aprobamos hace unos d\u00edas atr\u00e1s, donde tambi\u00e9n se increment\u00f3 este a\u00f1o, porque sabemos que estos montos se deben ir reajustando\u201d, explic\u00f3.<\/p>\n\n\n\n<p>La concejala tambi\u00e9n resalt\u00f3 el trabajo colaborativo entre el municipio y los dirigentes sociales, fundamental para que las actividades puedan desarrollarse en los diferentes barrios. \u201cComo Concejo creemos que es una iniciativa que debe continuar con las tradiciones en los distintos barrios. Agradecemos tambi\u00e9n el trabajo colaborativo que se hace con los dirigentes sociales, porque sin ellos estas actividades no se pudieran realizar\u201d, se\u00f1al\u00f3.<\/p>\n\n\n\n<p>La ceremonia tambi\u00e9n tuvo un especial momento dieciochero, gracias a la presentaci\u00f3n de una <strong>academia de cueca de la comuna<\/strong>, cuyos ni\u00f1os y ni\u00f1as fueron los encargados de llenar de m\u00fasica y baile el sal\u00f3n municipal, dando as\u00ed el puntapi\u00e9 inicial a las celebraciones de septiembre en Andacollo.<\/p>\n\n\n\n<p>De esta manera, los distintos barrios de la comuna ya se preparan para vivir unas Fiestas Patrias marcadas por la convivencia, los juegos tradicionales, la cueca, los encuentros familiares y, por sobre todo, el esp\u00edritu comunitario que caracteriza a Andacollo.<\/p>\n\n\n\n<p>Desde el municipio hicieron un llamado a disfrutar estas celebraciones <strong>con entusiasmo, optimismo y prudencia<\/strong>, para que las familias puedan compartir y celebrar a Chile de la mejor manera.<\/p>\n","protected":false},"excerpt":{"rendered":"<p>Con cueca, tradiciones y esp\u00edritu comunitario, la Municipalidad de Andacollo realiz\u00f3 la entrega de la subvenci\u00f3n especial de Fiestas Patrias a las organizaciones vecinales de la comuna, tanto del sector urbano como rural. Con el entusiasmo propio de septiembre y a pocos d\u00edas de comenzar oficialmente las celebraciones de Fiestas Patrias, la tarde de este [&hellip;]<\/p>\n","protected":false},"author":3,"featured_media":0,"comment_status":"open","ping_status":"open","sticky":false,"template":"","format":"standard","meta":{"_acf_changed":false,"footnotes":""},"categories":[1],"tags":[4766,4767],"acf":[],"aioseo_notices":[],"_links":{"self":[{"href":"https:\/\/www.andacolloconectado.cl\/index.php\/wp-json\/wp\/v2\/posts\/17420"}],"collection":[{"href":"https:\/\/www.andacolloconectado.cl\/index.php\/wp-json\/wp\/v2\/posts"}],"about":[{"href":"https:\/\/www.andacolloconectado.cl\/index.php\/wp-json\/wp\/v2\/types\/post"}],"author":[{"embeddable":true,"href":"https:\/\/www.andacolloconectado.cl\/index.php\/wp-json\/wp\/v2\/users\/3"}],"replies":[{"embeddable":true,"href":"https:\/\/www.andacolloconectado.cl\/index.php\/wp-json\/wp\/v2\/comments?post=17420"}],"version-history":[{"count":1,"href":"https:\/\/www.andacolloconectado.cl\/index.php\/wp-json\/wp\/v2\/posts\/17420\/revisions"}],"predecessor-version":[{"id":17422,"href":"https:\/\/www.andacolloconectado.cl\/index.php\/wp-json\/wp\/v2\/posts\/17420\/revisions\/17422"}],"wp:attachment":[{"href":"https:\/\/www.andacolloconectado.cl\/index.php\/wp-json\/wp\/v2\/media?parent=17420"}],"wp:term":[{"taxonomy":"category","embeddable":true,"href":"https:\/\/www.andacolloconectado.cl\/index.php\/wp-json\/wp\/v2\/categories?post=17420"},{"taxonomy":"post_tag","embeddable":true,"href":"https:\/\/www.andacolloconectado.cl\/index.php\/wp-json\/wp\/v2\/tags?post=17420"}],"curies":[{"name":"wp","href":"https:\/\/api.w.org\/{rel}","templated":true}]}}