{"id":17431,"date":"2026-09-02T16:18:52","date_gmt":"2026-09-02T16:18:52","guid":{"rendered":"https:\/\/www.andacolloconectado.cl\/?p=17431"},"modified":"2026-09-02T16:18:53","modified_gmt":"2026-09-02T16:18:53","slug":"desde-concursos-de-cueca-hasta-celebraciones-con-la-comunidad-educativa-el-municipio-de-andacollo-prepara-sus-actividades-para-el-mes-de-la-patria","status":"publish","type":"post","link":"https:\/\/www.andacolloconectado.cl\/index.php\/desde-concursos-de-cueca-hasta-celebraciones-con-la-comunidad-educativa-el-municipio-de-andacollo-prepara-sus-actividades-para-el-mes-de-la-patria\/","title":{"rendered":"Desde concursos de cueca hasta celebraciones con la comunidad educativa: el municipio de Andacollo prepara sus actividades para el mes de la patria"},"content":{"rendered":"\n<p><em>Las actividades permitir\u00e1n celebrar en familia y promover un mes lleno de recreaci\u00f3n y convivencia.<\/em><\/p>\n\n\n\n<p><a><\/a>Con el objetivo de celebrar este mes de la patria, la Municipalidad de Andacollo, a trav\u00e9s del alcalde Juan Carlos Alfaro, invita a toda la comunidad a participar y disfrutar de las distintas actividades programadas para estas Fiestas Patrias 2026, en un ambiente de alegr\u00eda, encuentro familiar y rescate de nuestras tradiciones.<\/p>\n\n\n\n<p>Durante septiembre se desarrollar\u00e1 una variada programaci\u00f3n que contempla concursos, actividades culturales, juegos t\u00edpicos, m\u00fasica en vivo, ferias de emprendimiento y gastronom\u00eda, adem\u00e1s de las tradicionales actividades del 18 de septiembre.<\/p>\n\n\n\n<h2 class=\"wp-block-heading\"><a><\/a><strong>Domingo 6 de septiembre: XII Concurso Comunal de Plato T\u00edpico Andacollino en Fiestas Patrias 2026<\/strong><\/h2>\n\n\n\n<p>Desde las 10:00 horas, la comunidad podr\u00e1 participar presentando sus mejores platos de fondo, dulces y salados, tradicionales de la comuna, que permitan rescatar parte de la identidad gastron\u00f3mica local.<\/p>\n\n\n\n<p>Los premios van desde los $100.000 hasta los $150.000, adem\u00e1s de otorgarse $20.000 a cada participante, a excepci\u00f3n de los ganadores.<\/p>\n\n\n\n<h2 class=\"wp-block-heading\"><a><\/a><strong>Lunes 7 de septiembre: segundo Campeonato Comunal de Cueca<\/strong><\/h2>\n\n\n\n<p>Con categor\u00edas desde la infantil hasta la adulta y desde las 16:00 horas en la plaza Gabriela Mistral, se desarrollar\u00e1 el II Campeonato Comunal de Cueca, instancia que busca reconocer y destacar el talento de las parejas cuequeras de Andacollo.<\/p>\n\n\n\n<p>Las personas interesadas podr\u00e1n conocer mayor informaci\u00f3n y revisar las bases de ambos concursos en el sitio web Andacollochile.cl. Adem\u00e1s, deber\u00e1n enviar la ficha de postulaci\u00f3n hasta este jueves 3 de septiembre, a las 23:59 horas, al correo andacollo.turismo@gmail.com, o acercarse directamente a la Oficina de Turismo de la Casa del Encuentro Andacollino.<\/p>\n\n\n\n<h2 class=\"wp-block-heading\"><a><\/a><strong>Jueves 10 de septiembre: juegos t\u00edpicos en colegios rurales<\/strong><\/h2>\n\n\n\n<p>A partir de las 10:00 horas, en la Escuela Dr. Jos\u00e9 Luis Arra\u00f1o de La Caldera, se desarrollar\u00e1 una actividad recreativa, deportiva y cultural junto a alumnos, alumnas y la comunidad educativa.<\/p>\n\n\n\n<h2 class=\"wp-block-heading\"><a><\/a><strong>Mi\u00e9rcoles 16 de septiembre: Fiesta de la Chilenidad<\/strong><\/h2>\n\n\n\n<p>A partir de las 18:00 horas, en calle Urmeneta, se realizar\u00e1 la Fiesta de la Chilenidad, actividad que contar\u00e1 con una Feria de Emprendedores y de gastronom\u00eda, adem\u00e1s de m\u00fasica en vivo.<\/p>\n\n\n\n<h2 class=\"wp-block-heading\"><a><\/a><strong>Viernes 18 de septiembre: tradiciones de Fiestas Patrias en Andacollo<\/strong><\/h2>\n\n\n\n<p>Durante esta jornada se desarrollar\u00e1n las tradicionales actividades de celebraci\u00f3n de Fiestas Patrias en la comuna.<\/p>\n\n\n\n<p>A las 06:00 horas se realizar\u00e1 la tradicional diana por las calles de Andacollo, acompa\u00f1ada por la Banda Humberto Escalante Rivera, con un recorrido por distintos sectores de la comuna.<\/p>\n\n\n\n<p>Posteriormente, se desarrollar\u00e1n las actividades oficiales en la zona c\u00e9ntrica de calle Urmeneta:<\/p>\n\n\n\n<ul>\n<li><strong>Misa:<\/strong> 11:00 horas.<\/li>\n\n\n\n<li><strong>Acto oficial:<\/strong> 12:00 horas.<\/li>\n\n\n\n<li><strong>Desfile:<\/strong> 13:00 horas.<\/li>\n<\/ul>\n\n\n\n<h2 class=\"wp-block-heading\"><a><\/a><strong>S\u00e1bado 19 de septiembre: juegos populares con las juntas de vecinos<\/strong><\/h2>\n\n\n\n<p>A partir de las 16:00 horas, en el Parque Oasis, se desarrollar\u00e1 una jornada de juegos populares junto a diferentes juntas de vecinos de la comuna. La actividad contar\u00e1 adem\u00e1s con m\u00fasica en vivo, feria de emprendimiento y gastronom\u00eda.<\/p>\n\n\n\n<p>La Municipalidad de Andacollo invita a toda la comunidad a participar y disfrutar de estas actividades, celebrando juntos y manteniendo vivas nuestras tradiciones y el patrimonio cultural-folcl\u00f3rico de la comuna.<\/p>\n\n\n\n<p>Finalmente, se informa que, ante cualquier eventualidad relacionada con una emergencia clim\u00e1tica, las actividades podr\u00e1n ser postergadas oportunamente. Cualquier modificaci\u00f3n ser\u00e1 comunicada a trav\u00e9s de los canales digitales oficiales de la Municipalidad de Andacollo.<\/p>\n","protected":false},"excerpt":{"rendered":"<p>Las actividades permitir\u00e1n celebrar en familia y promover un mes lleno de recreaci\u00f3n y convivencia. Con el objetivo de celebrar este mes de la patria, la Municipalidad de Andacollo, a trav\u00e9s del alcalde Juan Carlos Alfaro, invita a toda la comunidad a participar y disfrutar de las distintas actividades programadas para estas Fiestas Patrias 2026, [&hellip;]<\/p>\n","protected":false},"author":3,"featured_media":0,"comment_status":"open","ping_status":"open","sticky":false,"template":"","format":"standard","meta":{"_acf_changed":false,"footnotes":""},"categories":[1],"tags":[4766,2566],"acf":[],"aioseo_notices":[],"_links":{"self":[{"href":"https:\/\/www.andacolloconectado.cl\/index.php\/wp-json\/wp\/v2\/posts\/17431"}],"collection":[{"href":"https:\/\/www.andacolloconectado.cl\/index.php\/wp-json\/wp\/v2\/posts"}],"about":[{"href":"https:\/\/www.andacolloconectado.cl\/index.php\/wp-json\/wp\/v2\/types\/post"}],"author":[{"embeddable":true,"href":"https:\/\/www.andacolloconectado.cl\/index.php\/wp-json\/wp\/v2\/users\/3"}],"replies":[{"embeddable":true,"href":"https:\/\/www.andacolloconectado.cl\/index.php\/wp-json\/wp\/v2\/comments?post=17431"}],"version-history":[{"count":1,"href":"https:\/\/www.andacolloconectado.cl\/index.php\/wp-json\/wp\/v2\/posts\/17431\/revisions"}],"predecessor-version":[{"id":17433,"href":"https:\/\/www.andacolloconectado.cl\/index.php\/wp-json\/wp\/v2\/posts\/17431\/revisions\/17433"}],"wp:attachment":[{"href":"https:\/\/www.andacolloconectado.cl\/index.php\/wp-json\/wp\/v2\/media?parent=17431"}],"wp:term":[{"taxonomy":"category","embeddable":true,"href":"https:\/\/www.andacolloconectado.cl\/index.php\/wp-json\/wp\/v2\/categories?post=17431"},{"taxonomy":"post_tag","embeddable":true,"href":"https:\/\/www.andacolloconectado.cl\/index.php\/wp-json\/wp\/v2\/tags?post=17431"}],"curies":[{"name":"wp","href":"https:\/\/api.w.org\/{rel}","templated":true}]}}