{"id":17436,"date":"2026-09-03T16:17:59","date_gmt":"2026-09-03T16:17:59","guid":{"rendered":"https:\/\/www.andacolloconectado.cl\/?p=17436"},"modified":"2026-09-03T16:18:00","modified_gmt":"2026-09-03T16:18:00","slug":"club-de-cueca-renacer-cuequero-andacollino-comienza-su-agenda-de-fiestas-patrias-con-mas-de-40-integrantes-y-una-destacada-presentacion","status":"publish","type":"post","link":"https:\/\/www.andacolloconectado.cl\/index.php\/club-de-cueca-renacer-cuequero-andacollino-comienza-su-agenda-de-fiestas-patrias-con-mas-de-40-integrantes-y-una-destacada-presentacion\/","title":{"rendered":"Club de Cueca \u201cRenacer Cuequero Andacollino\u201d comienza su agenda de Fiestas Patrias con m\u00e1s de 40 integrantes y una destacada presentaci\u00f3n"},"content":{"rendered":"\n<p>Tras su debut oficial en la entrega de subvenciones comunales, la agrupaci\u00f3n encabezada por el campe\u00f3n regional de cueca, Kevin Alfaro, prepara una serie de espect\u00e1culos que abordar\u00e1n bailes de Chile y Latinoam\u00e9rica.<\/p>\n\n\n\n<p>En el marco del inicio de las celebraciones de Fiestas Patrias en la comuna, el Club de Cueca \u201cRenacer Cuequero Andacollino\u201d marc\u00f3 el hito de su primera presentaci\u00f3n p\u00fablica oficial durante la ceremonia de entrega de subvenciones especiales de estas fechas a las juntas de vecinos en el Edificio Consistorial. El hito marc\u00f3 el punto de partida de las presentaciones art\u00edsticas que llevar\u00e1 a la agrupaci\u00f3n por diversos escenarios locales durante todo el mes de septiembre.<\/p>\n\n\n\n<p>Con una convocatoria que supera los 40 participantes desde ni\u00f1os y ni\u00f1as de 5 a\u00f1os hasta j\u00f3venes y adultos, la agrupaci\u00f3n consolida una propuesta de formaci\u00f3n folcl\u00f3rica integral en la comuna. El proyecto es liderado por el monitor principal Kevin Alfaro, actual campe\u00f3n regional de cueca en la categor\u00eda Escuela de Plata, junto a la instructora Danitza.<\/p>\n\n\n\n<p>En palabras de Kevin Alfaro, el objetivo central del proyecto es la preservaci\u00f3n de las tradiciones nacionales en la juventud local. \u201cEl folclore es una de las ra\u00edces fundamentales de nuestra patria y no se puede perder. Andacollo es una zona minera y religiosa, pero tambi\u00e9n tiene una gran riqueza folcl\u00f3rica. Queremos apoyar a los ni\u00f1os, ense\u00f1\u00e1ndoles desde cero y entreg\u00e1ndoles herramientas para rescatar nuestra danza nacional\u201d, afirm\u00f3 el monitor.<\/p>\n\n\n\n<p>Tras su debut municipal, la agrupaci\u00f3n confirm\u00f3 su participaci\u00f3n en el pr\u00f3ximo Brindis de Honor comunal, evento en el que desplegar\u00e1n una muestra art\u00edstica ampliada que incluir\u00e1 cuadros representativos de distintas regiones de Chile y de Latinoam\u00e9rica.<\/p>\n\n\n\n<p>En el \u00e1mbito operativo, la directiva del club anunci\u00f3 que prepara la postulaci\u00f3n a fondos concursables y proyectos de financiamiento p\u00fablico con el fin de adquirir indumentaria folcl\u00f3rica completa, como vestidos, trajes de var\u00f3n, falsos y polainas para la totalidad de sus bailarines.<\/p>\n\n\n\n<p>Cabe destacar que el Club \u201cRenacer Cuequero Andacollino\u201d es una agrupaci\u00f3n relativamente joven, que fue fundada en 2024 y actualmente mantiene abiertas las inscripciones para vecinos de todas las edades que deseen sumarse a los talleres. Los ensayos se realizan los d\u00edas viernes, s\u00e1bados y domingos, entre las 16:30 y las 19:30 horas.<\/p>\n\n\n\n<p>Para financiar insumos b\u00e1sicos de ensayo e hidrataci\u00f3n de los alumnos, la agrupaci\u00f3n solicita un aporte voluntario de $2.000 por participante. Es importante considerar que los interesados pueden acercarse directamente a las jornadas de ensayo para inscribirse y participar de los bailes tradicionales que destacan la cultura del pa\u00eds.<\/p>\n","protected":false},"excerpt":{"rendered":"<p>Tras su debut oficial en la entrega de subvenciones comunales, la agrupaci\u00f3n encabezada por el campe\u00f3n regional de cueca, Kevin Alfaro, prepara una serie de espect\u00e1culos que abordar\u00e1n bailes de Chile y Latinoam\u00e9rica. En el marco del inicio de las celebraciones de Fiestas Patrias en la comuna, el Club de Cueca \u201cRenacer Cuequero Andacollino\u201d marc\u00f3 [&hellip;]<\/p>\n","protected":false},"author":3,"featured_media":0,"comment_status":"open","ping_status":"open","sticky":false,"template":"","format":"standard","meta":{"_acf_changed":false,"footnotes":""},"categories":[1],"tags":[],"acf":[],"aioseo_notices":[],"_links":{"self":[{"href":"https:\/\/www.andacolloconectado.cl\/index.php\/wp-json\/wp\/v2\/posts\/17436"}],"collection":[{"href":"https:\/\/www.andacolloconectado.cl\/index.php\/wp-json\/wp\/v2\/posts"}],"about":[{"href":"https:\/\/www.andacolloconectado.cl\/index.php\/wp-json\/wp\/v2\/types\/post"}],"author":[{"embeddable":true,"href":"https:\/\/www.andacolloconectado.cl\/index.php\/wp-json\/wp\/v2\/users\/3"}],"replies":[{"embeddable":true,"href":"https:\/\/www.andacolloconectado.cl\/index.php\/wp-json\/wp\/v2\/comments?post=17436"}],"version-history":[{"count":1,"href":"https:\/\/www.andacolloconectado.cl\/index.php\/wp-json\/wp\/v2\/posts\/17436\/revisions"}],"predecessor-version":[{"id":17438,"href":"https:\/\/www.andacolloconectado.cl\/index.php\/wp-json\/wp\/v2\/posts\/17436\/revisions\/17438"}],"wp:attachment":[{"href":"https:\/\/www.andacolloconectado.cl\/index.php\/wp-json\/wp\/v2\/media?parent=17436"}],"wp:term":[{"taxonomy":"category","embeddable":true,"href":"https:\/\/www.andacolloconectado.cl\/index.php\/wp-json\/wp\/v2\/categories?post=17436"},{"taxonomy":"post_tag","embeddable":true,"href":"https:\/\/www.andacolloconectado.cl\/index.php\/wp-json\/wp\/v2\/tags?post=17436"}],"curies":[{"name":"wp","href":"https:\/\/api.w.org\/{rel}","templated":true}]}}