{"id":17442,"date":"2026-09-03T22:07:01","date_gmt":"2026-09-03T22:07:01","guid":{"rendered":"https:\/\/www.andacolloconectado.cl\/?p=17442"},"modified":"2026-09-03T22:07:02","modified_gmt":"2026-09-03T22:07:02","slug":"escuela-patricio-lynch-de-andacollo-incorpora-el-oceano-como-herramienta-pedagogica-para-fortalecer-el-bienestar-y-los-aprendizajes","status":"publish","type":"post","link":"https:\/\/www.andacolloconectado.cl\/index.php\/escuela-patricio-lynch-de-andacollo-incorpora-el-oceano-como-herramienta-pedagogica-para-fortalecer-el-bienestar-y-los-aprendizajes\/","title":{"rendered":"Escuela Patricio Lynch de Andacollo incorpora el oc\u00e9ano como herramienta pedag\u00f3gica para fortalecer el bienestar y los aprendizajes"},"content":{"rendered":"\n<ul>\n<li>A trav\u00e9s del proyecto \u201cSemillas Azules\u201d, estudiantes, docentes, asistentes de la educaci\u00f3n y equipo directivo participan en experiencias vinculadas al oc\u00e9ano y la naturaleza, que complementan el trabajo pedag\u00f3gico y fortalecen el bienestar, la convivencia y el desarrollo socioemocional.<\/li>\n<\/ul>\n\n\n\n<p>Desde Andacollo, una comuna ubicada en el interior de la Regi\u00f3n de Coquimbo y a m\u00e1s de 1.000 metros sobre el nivel del mar, la comunidad educativa de la Escuela Patricio Lynch, administrada por el Servicio Local de Educaci\u00f3n P\u00fablica Puerto Cordillera, est\u00e1 desarrollando una experiencia que busca acercar a sus estudiantes a un entorno natural que forma parte de la identidad regional: el oc\u00e9ano.<\/p>\n\n\n\n<p>Se trata de \u201cSemillas Azules: Del Aula al Oc\u00e9ano\u201d, proyecto en el que participan activamente estudiantes, equipo directivo, docentes y asistentes de la educaci\u00f3n del establecimiento, generando espacios de aprendizaje y bienestar que complementan el trabajo pedag\u00f3gico desarrollado durante el a\u00f1o escolar.<\/p>\n\n\n\n<p>La iniciativa contempla experiencias de Surf Therapy, regulaci\u00f3n emocional, inclusi\u00f3n y aprendizaje fuera del aula, articul\u00e1ndose con las acciones de convivencia escolar y el trabajo del Programa de Integraci\u00f3n Escolar (PIE). De esta manera, el oc\u00e9ano y la naturaleza se transforman en espacios educativos que permiten a ni\u00f1os y ni\u00f1as desarrollar nuevas habilidades, fortalecer v\u00ednculos y explorar otras formas de aprender.<\/p>\n\n\n\n<p>Para la directora de la Escuela Patricio Lynch, Jeanette Godoy Toro, esta experiencia representa una oportunidad para ampliar las posibilidades de aprendizaje de los estudiantes y fortalecer el trabajo de toda la comunidad educativa. \u201cComo escuela estamos muy contentos de ser parte de esta iniciativa, porque nos permite entregar a nuestros estudiantes experiencias que van m\u00e1s all\u00e1 de lo que tradicionalmente ocurre dentro del aula. El proyecto involucra a toda nuestra comunidad educativa y nos permite trabajar aspectos tan importantes como el bienestar, la convivencia, la inclusi\u00f3n y la regulaci\u00f3n emocional, utilizando la naturaleza y el oc\u00e9ano como aliados para el aprendizaje\u201d, se\u00f1al\u00f3.<\/p>\n\n\n\n<p>La directora agreg\u00f3 que, para una comunidad educativa como la Escuela Patricio Lynch, este tipo de experiencias adquiere un significado especial. \u201cNuestros ni\u00f1os y ni\u00f1as viven en un territorio donde el acceso al mar no es cotidiano, por lo que poder acercarlos a este entorno, conocerlo y vivir experiencias significativas en \u00e9l abre nuevas oportunidades para su desarrollo. Queremos que nuestros estudiantes puedan descubrir que tambi\u00e9n se aprende explorando, conectando con otros y con el entorno\u201d, destac\u00f3.<\/p>\n\n\n\n<p><strong>Una experiencia que nace desde la colaboraci\u00f3n<\/strong><\/p>\n\n\n\n<p>\u201cSemillas Azules\u201d se desarrolla gracias al trabajo colaborativo entre la Escuela Patricio Lynch, Fundaci\u00f3n Olivo y Surf Therapy Coquimbo, demostrando el valor de la articulaci\u00f3n entre las comunidades educativas y las organizaciones del territorio para generar nuevas oportunidades para ni\u00f1os, ni\u00f1as y j\u00f3venes.<\/p>\n\n\n\n<p>La experiencia busca adem\u00e1s generar evidencia sobre el impacto de este tipo de estrategias en el bienestar y desarrollo de los estudiantes, con la perspectiva de que, en el futuro, pueda ser replicada en otras comunidades educativas de la Regi\u00f3n de Coquimbo.<\/p>\n\n\n\n<p>As\u00ed, desde una escuela ubicada en el coraz\u00f3n de Andacollo, \u201cSemillas Azules\u201d propone ampliar los l\u00edmites del aula y abrir nuevos espacios para aprender, compartir, fortalecer la convivencia y promover el bienestar de los estudiantes, conectando la educaci\u00f3n p\u00fablica con las riquezas naturales del territorio.<\/p>\n","protected":false},"excerpt":{"rendered":"<p>Desde Andacollo, una comuna ubicada en el interior de la Regi\u00f3n de Coquimbo y a m\u00e1s de 1.000 metros sobre el nivel del mar, la comunidad educativa de la Escuela Patricio Lynch, administrada por el Servicio Local de Educaci\u00f3n P\u00fablica Puerto Cordillera, est\u00e1 desarrollando una experiencia que busca acercar a sus estudiantes a un entorno [&hellip;]<\/p>\n","protected":false},"author":3,"featured_media":0,"comment_status":"open","ping_status":"open","sticky":false,"template":"","format":"standard","meta":{"_acf_changed":false,"footnotes":""},"categories":[1],"tags":[4684],"acf":[],"aioseo_notices":[],"_links":{"self":[{"href":"https:\/\/www.andacolloconectado.cl\/index.php\/wp-json\/wp\/v2\/posts\/17442"}],"collection":[{"href":"https:\/\/www.andacolloconectado.cl\/index.php\/wp-json\/wp\/v2\/posts"}],"about":[{"href":"https:\/\/www.andacolloconectado.cl\/index.php\/wp-json\/wp\/v2\/types\/post"}],"author":[{"embeddable":true,"href":"https:\/\/www.andacolloconectado.cl\/index.php\/wp-json\/wp\/v2\/users\/3"}],"replies":[{"embeddable":true,"href":"https:\/\/www.andacolloconectado.cl\/index.php\/wp-json\/wp\/v2\/comments?post=17442"}],"version-history":[{"count":1,"href":"https:\/\/www.andacolloconectado.cl\/index.php\/wp-json\/wp\/v2\/posts\/17442\/revisions"}],"predecessor-version":[{"id":17444,"href":"https:\/\/www.andacolloconectado.cl\/index.php\/wp-json\/wp\/v2\/posts\/17442\/revisions\/17444"}],"wp:attachment":[{"href":"https:\/\/www.andacolloconectado.cl\/index.php\/wp-json\/wp\/v2\/media?parent=17442"}],"wp:term":[{"taxonomy":"category","embeddable":true,"href":"https:\/\/www.andacolloconectado.cl\/index.php\/wp-json\/wp\/v2\/categories?post=17442"},{"taxonomy":"post_tag","embeddable":true,"href":"https:\/\/www.andacolloconectado.cl\/index.php\/wp-json\/wp\/v2\/tags?post=17442"}],"curies":[{"name":"wp","href":"https:\/\/api.w.org\/{rel}","templated":true}]}}