{"id":1881,"date":"2016-04-04T11:42:05","date_gmt":"2016-04-04T11:42:05","guid":{"rendered":"http:\/\/www.andacolloconectado.cl\/?p=1881"},"modified":"2016-04-04T11:42:05","modified_gmt":"2016-04-04T11:42:05","slug":"avisos-del-santuario-de-andacollo","status":"publish","type":"post","link":"https:\/\/www.andacolloconectado.cl\/index.php\/avisos-del-santuario-de-andacollo\/","title":{"rendered":"Avisos del Santuario de Andacollo"},"content":{"rendered":"<p>El rector del Santuario de Andacollo, padre Eduardo Huerta Past\u00e9n, informa a la\u00a0comunidad lo siguiente:<\/p>\n<ul>\n<li>Se informa que el inicio de la<strong> preparaci\u00f3n de la primera comuni\u00f3n<\/strong> para los ni\u00f1os de\u00a0primer a\u00f1o se iniciar\u00e1 el viernes 15 de abril, con la participaci\u00f3n de los padres e\u00a0hijos, a las 18:30 en el sal\u00f3n parroquial.<\/li>\n<\/ul>\n<ul>\n<li>Se comunica que el inicio de las <strong>preparaciones de confirmaci\u00f3n<\/strong> de adultos ser\u00e1n el\u00a0jueves 7 de abril a las 19 horas y el s\u00e1bado 9 de abril a las 18:00 horas en el sal\u00f3n\u00a0parroquial. Las personas interesadas en participar se les informa que a\u00fan pueden\u00a0inscribirse en la oficina parroquial.<\/li>\n<\/ul>\n<ul>\n<li>Se informa que el domingo 17 de abril se <strong>cambiar\u00e1 el horario de misa de la tarde<\/strong> de\u00a020:00 horas horario de verano a 19: 00 horas horario de invierno.<\/li>\n<\/ul>\n","protected":false},"excerpt":{"rendered":"<p>El rector del Santuario de Andacollo, padre Eduardo Huerta Past\u00e9n, informa a la\u00a0comunidad lo siguiente: Se informa que el inicio de la preparaci\u00f3n de la primera comuni\u00f3n para los ni\u00f1os de\u00a0primer a\u00f1o se iniciar\u00e1 el viernes 15 de abril, con la participaci\u00f3n de los padres e\u00a0hijos, a las 18:30 en el sal\u00f3n parroquial. Se comunica [&hellip;]<\/p>\n","protected":false},"author":3,"featured_media":0,"comment_status":"open","ping_status":"open","sticky":false,"template":"","format":"standard","meta":{"_acf_changed":false,"footnotes":""},"categories":[1],"tags":[112],"acf":[],"aioseo_notices":[],"_links":{"self":[{"href":"https:\/\/www.andacolloconectado.cl\/index.php\/wp-json\/wp\/v2\/posts\/1881"}],"collection":[{"href":"https:\/\/www.andacolloconectado.cl\/index.php\/wp-json\/wp\/v2\/posts"}],"about":[{"href":"https:\/\/www.andacolloconectado.cl\/index.php\/wp-json\/wp\/v2\/types\/post"}],"author":[{"embeddable":true,"href":"https:\/\/www.andacolloconectado.cl\/index.php\/wp-json\/wp\/v2\/users\/3"}],"replies":[{"embeddable":true,"href":"https:\/\/www.andacolloconectado.cl\/index.php\/wp-json\/wp\/v2\/comments?post=1881"}],"version-history":[{"count":1,"href":"https:\/\/www.andacolloconectado.cl\/index.php\/wp-json\/wp\/v2\/posts\/1881\/revisions"}],"predecessor-version":[{"id":1883,"href":"https:\/\/www.andacolloconectado.cl\/index.php\/wp-json\/wp\/v2\/posts\/1881\/revisions\/1883"}],"wp:attachment":[{"href":"https:\/\/www.andacolloconectado.cl\/index.php\/wp-json\/wp\/v2\/media?parent=1881"}],"wp:term":[{"taxonomy":"category","embeddable":true,"href":"https:\/\/www.andacolloconectado.cl\/index.php\/wp-json\/wp\/v2\/categories?post=1881"},{"taxonomy":"post_tag","embeddable":true,"href":"https:\/\/www.andacolloconectado.cl\/index.php\/wp-json\/wp\/v2\/tags?post=1881"}],"curies":[{"name":"wp","href":"https:\/\/api.w.org\/{rel}","templated":true}]}}