{"id":1914,"date":"2016-04-11T14:17:31","date_gmt":"2016-04-11T14:17:31","guid":{"rendered":"http:\/\/www.andacolloconectado.cl\/?p=1914"},"modified":"2016-04-11T14:17:31","modified_gmt":"2016-04-11T14:17:31","slug":"hilda-orellana-el-esfuerzo-y-vocacion-de-una-minera","status":"publish","type":"post","link":"https:\/\/www.andacolloconectado.cl\/index.php\/hilda-orellana-el-esfuerzo-y-vocacion-de-una-minera\/","title":{"rendered":"Hilda Orellana, el esfuerzo y vocaci\u00f3n de una minera"},"content":{"rendered":"<p align=\"justify\"><span style=\"font-family: Arial, serif;\"><span style=\"font-size: medium;\"><i><b>Desde que lleg\u00f3 a Andacollo hace 33 a\u00f1os, que Hilda Orellana se ha dedicado a la miner\u00eda independiente, buscando en los cerros el preciado oro, hoy es parte del grupo de mineros que trabaja en el proyecto Las Loas de la agrupaci\u00f3n Andacollo Fuerza y Esperanza y dice que es primera vez que tiene una mina propia.<\/b><\/i><\/span><\/span><\/p>\n<p align=\"justify\"><span style=\"font-family: Arial, serif;\"><span style=\"font-size: medium;\">Hilda Orellana lleg\u00f3 en el a\u00f1o 1983 a nuestra comuna y a los dos meses comenz\u00f3 a sacar \u201cdesmontes\u201d, que es un mineral de baja ley \u201cme encant\u00f3 el trabajo y se lo trat\u00e9 de inculcar a mis hijos pero no me fue muy bien y s\u00f3lo una hoy me acompa\u00f1a en mi mina. Tiene 7 hijos adultos, la menor tiene 28 a\u00f1os y ella es la que la ayuda.<\/span><\/span><\/p>\n<p align=\"justify\"><span style=\"font-family: Arial, serif;\"><span style=\"font-size: medium;\">Nos comenta que se separ\u00f3 hace muchos a\u00f1os de su marido porque a \u00e9l no le gustaba la miner\u00eda \u201c\u00e9l se fue a Santiago y nunca m\u00e1s regres\u00f3, no le gust\u00f3 el trabajo que yo hac\u00eda, nunca me apoy\u00f3 en esto porque no le gustaba, ya que yo viv\u00eda en el cerro\u201d.<\/span><\/span><\/p>\n<p align=\"justify\">\u201c<span style=\"font-family: Arial, serif;\"><span style=\"font-size: medium;\">Yo puedo estar todo el d\u00eda en el cerro y cuando no vengo es porque tengo que cuidar a alg\u00fan nieto o alguna emergencia, yo vivo de esto, con esto me mantengo\u201d, indic\u00f3 Hilda. Comenta adem\u00e1s que \u201ceste proyecto nos da mucha seguridad y m\u00e1s encima hemos podido postular a proyectos, por lo que estoy muy feliz ya que me sali\u00f3 aprobado uno y con eso podr\u00e9 comprar herramientas e insumos para poder trabajar, para nosotros es una gran ayuda\u201d.<\/span><\/span><\/p>\n<p align=\"justify\"><span style=\"font-family: Arial, serif;\"><span style=\"font-size: medium;\">Dice que igual el oro es algo complicado \u201cen una semana yo puedo sacar 10 gramos, a la otra saco 3, igual depende mucho de la suerte aunque igual tenemos identificado los puntos donde est\u00e1 m\u00e1s concentrado el oro, aunque a veces las betas vienen pobres pero si seguimos bajando excavando m\u00e1s profundo la cosa se va arreglando\u201d.<\/span><\/span><\/p>\n<p align=\"justify\"><span style=\"font-family: Arial, serif;\"><span style=\"font-size: medium;\">Comenta que ella sola ha ido excavando su punto que lleva su nombre \u201cPunto La Hilda\u201d, obviamente con la ayuda de maquinaria ya lleva 10 metros de profundidad y con ayuda de una escalera baja a trabajar en busca del oro, escalera que ella misma confeccion\u00f3 junto a su hija.<\/span><\/span><\/p>\n<p align=\"justify\"><span style=\"font-family: Arial, serif;\"><span style=\"font-size: medium;\">Dice que aunque tradicionalmente la miner\u00eda era para hombres \u201csi a usted le gusta este trabajo ya no hay diferencias entre hombres y mujeres, de todas maneras mis compa\u00f1eros son muy educados y cooperadores conmigo\u201d.<\/span><\/span><\/p>\n<p align=\"justify\"><span style=\"font-family: Arial, serif;\"><span style=\"font-size: medium;\">Adem\u00e1s Hilda se ha ido perfeccionando realizando varios cursos relacionados con este trabajo, por lo que adem\u00e1s de la experiencia, cuenta con bastante conocimiento en diversos temas.<\/span><\/span><\/p>\n<p align=\"justify\"><span style=\"font-family: Arial, serif;\"><span style=\"font-size: medium;\">Desde las 9 de la ma\u00f1ana se encuentra trabajando hasta las 16:00 horas que ya se vuelve a su casa, aunque a veces debe seguir y se queda hasta las 7 de la tarde. Dice que espera seguir en este trabajo \u201chasta que me d\u00e9 el cuero\u201d.<\/span><\/span><\/p>\n<p align=\"justify\">\n","protected":false},"excerpt":{"rendered":"<p>Desde que lleg\u00f3 a Andacollo hace 33 a\u00f1os, que Hilda Orellana se ha dedicado a la miner\u00eda independiente, buscando en los cerros el preciado oro, hoy es parte del grupo de mineros que trabaja en el proyecto Las Loas de la agrupaci\u00f3n Andacollo Fuerza y Esperanza y dice que es primera vez que tiene una [&hellip;]<\/p>\n","protected":false},"author":3,"featured_media":0,"comment_status":"open","ping_status":"open","sticky":false,"template":"","format":"standard","meta":{"_acf_changed":false,"footnotes":""},"categories":[1],"tags":[370,369,365],"acf":[],"aioseo_notices":[],"_links":{"self":[{"href":"https:\/\/www.andacolloconectado.cl\/index.php\/wp-json\/wp\/v2\/posts\/1914"}],"collection":[{"href":"https:\/\/www.andacolloconectado.cl\/index.php\/wp-json\/wp\/v2\/posts"}],"about":[{"href":"https:\/\/www.andacolloconectado.cl\/index.php\/wp-json\/wp\/v2\/types\/post"}],"author":[{"embeddable":true,"href":"https:\/\/www.andacolloconectado.cl\/index.php\/wp-json\/wp\/v2\/users\/3"}],"replies":[{"embeddable":true,"href":"https:\/\/www.andacolloconectado.cl\/index.php\/wp-json\/wp\/v2\/comments?post=1914"}],"version-history":[{"count":2,"href":"https:\/\/www.andacolloconectado.cl\/index.php\/wp-json\/wp\/v2\/posts\/1914\/revisions"}],"predecessor-version":[{"id":1917,"href":"https:\/\/www.andacolloconectado.cl\/index.php\/wp-json\/wp\/v2\/posts\/1914\/revisions\/1917"}],"wp:attachment":[{"href":"https:\/\/www.andacolloconectado.cl\/index.php\/wp-json\/wp\/v2\/media?parent=1914"}],"wp:term":[{"taxonomy":"category","embeddable":true,"href":"https:\/\/www.andacolloconectado.cl\/index.php\/wp-json\/wp\/v2\/categories?post=1914"},{"taxonomy":"post_tag","embeddable":true,"href":"https:\/\/www.andacolloconectado.cl\/index.php\/wp-json\/wp\/v2\/tags?post=1914"}],"curies":[{"name":"wp","href":"https:\/\/api.w.org\/{rel}","templated":true}]}}