{"id":1974,"date":"2016-04-21T13:32:08","date_gmt":"2016-04-21T13:32:08","guid":{"rendered":"http:\/\/www.andacolloconectado.cl\/?p=1974"},"modified":"2016-04-21T13:32:08","modified_gmt":"2016-04-21T13:32:08","slug":"realizan-primera-sesion-de-mesa-de-red-de-infancia-y-adolescencia","status":"publish","type":"post","link":"https:\/\/www.andacolloconectado.cl\/index.php\/realizan-primera-sesion-de-mesa-de-red-de-infancia-y-adolescencia\/","title":{"rendered":"Realizan primera sesi\u00f3n de mesa de red de infancia y adolescencia"},"content":{"rendered":"<p align=\"justify\"><span style=\"font-family: Arial, serif;\"><span style=\"font-size: medium;\">Cuatro veces en el a\u00f1o debe sesionar esta mesa que convoca a las distintas redes e instituciones de nuestra comuna que trabajan en base a los derechos de ni\u00f1os, ni\u00f1as y adolescentes.<\/span><\/span><\/p>\n<p align=\"justify\"><span style=\"font-family: Arial, serif;\"><span style=\"font-size: medium;\">Seg\u00fan indic\u00f3 Natalia Mery, profesional de OPD de Andacollo que la mesa est\u00e1 conformada por el Programa de Prevenci\u00f3n Focalizada, Oficina de la Mujer, Senda Previene, Hospital, Departamento de Educaci\u00f3n, los establecimientos educacionales en general y jardines infantiles.<\/span><\/span><\/p>\n<p align=\"justify\"><span style=\"font-family: Arial, serif;\"><span style=\"font-size: medium;\">Mery indic\u00f3 que la idea es \u201cpoder trabajar en actividades que vayan en promoci\u00f3n de derecho, articular redes de apoyo, tanto para la detecci\u00f3n de maltratos o vulneraciones de ni\u00f1as y ni\u00f1os o adolescentes en la comuna y trabajar a favor de esto, a trav\u00e9s de talleres y una intervenci\u00f3n directa\u201d.<\/span><\/span><\/p>\n<p align=\"justify\"><span style=\"font-family: Arial, serif;\"><span style=\"font-size: medium;\">Se realizan cuatro sesiones anuales que se programan en esta primera sesi\u00f3n en el municipio ya que es la OPD quien encabeza esta red y quienes realizan la convocatoria, donde participan educadoras, docentes, psic\u00f3logos, psicopedagogos, una variedad de profesionales que aportan a la red, tambi\u00e9n participa el Consejo Consultivo de Ia infancia y adolescencia que est\u00e1 conformado por alumnos de los distintos establecimientos educacionales, \u201cellos tienen un punto muy importante de participaci\u00f3n en esta red ya que a trav\u00e9s de ellos realizamos las actividades, tomando siempre en cuenta la opini\u00f3n de los j\u00f3venes de la comuna\u201d. <\/span><\/span><\/p>\n","protected":false},"excerpt":{"rendered":"<p>Cuatro veces en el a\u00f1o debe sesionar esta mesa que convoca a las distintas redes e instituciones de nuestra comuna que trabajan en base a los derechos de ni\u00f1os, ni\u00f1as y adolescentes. Seg\u00fan indic\u00f3 Natalia Mery, profesional de OPD de Andacollo que la mesa est\u00e1 conformada por el Programa de Prevenci\u00f3n Focalizada, Oficina de la [&hellip;]<\/p>\n","protected":false},"author":3,"featured_media":0,"comment_status":"open","ping_status":"open","sticky":false,"template":"","format":"standard","meta":{"_acf_changed":false,"footnotes":""},"categories":[1],"tags":[394,145,393,392,391,48],"acf":[],"aioseo_notices":[],"_links":{"self":[{"href":"https:\/\/www.andacolloconectado.cl\/index.php\/wp-json\/wp\/v2\/posts\/1974"}],"collection":[{"href":"https:\/\/www.andacolloconectado.cl\/index.php\/wp-json\/wp\/v2\/posts"}],"about":[{"href":"https:\/\/www.andacolloconectado.cl\/index.php\/wp-json\/wp\/v2\/types\/post"}],"author":[{"embeddable":true,"href":"https:\/\/www.andacolloconectado.cl\/index.php\/wp-json\/wp\/v2\/users\/3"}],"replies":[{"embeddable":true,"href":"https:\/\/www.andacolloconectado.cl\/index.php\/wp-json\/wp\/v2\/comments?post=1974"}],"version-history":[{"count":1,"href":"https:\/\/www.andacolloconectado.cl\/index.php\/wp-json\/wp\/v2\/posts\/1974\/revisions"}],"predecessor-version":[{"id":1976,"href":"https:\/\/www.andacolloconectado.cl\/index.php\/wp-json\/wp\/v2\/posts\/1974\/revisions\/1976"}],"wp:attachment":[{"href":"https:\/\/www.andacolloconectado.cl\/index.php\/wp-json\/wp\/v2\/media?parent=1974"}],"wp:term":[{"taxonomy":"category","embeddable":true,"href":"https:\/\/www.andacolloconectado.cl\/index.php\/wp-json\/wp\/v2\/categories?post=1974"},{"taxonomy":"post_tag","embeddable":true,"href":"https:\/\/www.andacolloconectado.cl\/index.php\/wp-json\/wp\/v2\/tags?post=1974"}],"curies":[{"name":"wp","href":"https:\/\/api.w.org\/{rel}","templated":true}]}}