{"id":2240,"date":"2016-06-03T20:53:04","date_gmt":"2016-06-03T20:53:04","guid":{"rendered":"http:\/\/www.andacolloconectado.cl\/?p=2240"},"modified":"2016-06-03T20:53:04","modified_gmt":"2016-06-03T20:53:04","slug":"programacion-septima-fecha-torneo-de-apertura-futbol-amateur-de-andacollo","status":"publish","type":"post","link":"https:\/\/www.andacolloconectado.cl\/index.php\/programacion-septima-fecha-torneo-de-apertura-futbol-amateur-de-andacollo\/","title":{"rendered":"Programaci\u00f3n s\u00e9ptima fecha Torneo de Apertura &#8211;  F\u00fatbol amateur de Andacollo"},"content":{"rendered":"<p>&nbsp;<\/p>\n<ul>\n<li><strong>\u00a0S\u00c1BADO 04 DE JUNIO<\/strong><\/li>\n<\/ul>\n<p><strong>-CAT\u00d3LICA VS PALESTINO<br \/>\n<\/strong>Estadio Municipal &#8211; 10:00 hrs<\/p>\n<p><strong>-ALIANZA VS CHURRUMATA<\/strong><br \/>\nParque Oasis 10:00 hrs.<\/p>\n<ul>\n<li>\u00a0<strong>DOMINGO 05 DE JUNIO<\/strong><\/li>\n<\/ul>\n<p><strong>\u00a0-HURAC\u00c1N VS ANDACOLLO SPORTING<\/strong><br \/>\nEstadio Municipal &#8211; 10:00 hrs.<\/p>\n<p><strong>-MANGANESOS VS OBRERO<\/strong><br \/>\nParque Oasis &#8211; 10:00 hrs.<\/p>\n<p style=\"text-align: center;\">Esta fecha quedar\u00e1 condicionada a modificaciones seg\u00fan los pron\u00f3sticos del tiempo. Ante una eventualidad se evaluar\u00e1 previo a los partidos, seg\u00fan acuerdo de los dirigentes.<\/p>\n","protected":false},"excerpt":{"rendered":"<p>&nbsp; \u00a0S\u00c1BADO 04 DE JUNIO -CAT\u00d3LICA VS PALESTINO Estadio Municipal &#8211; 10:00 hrs -ALIANZA VS CHURRUMATA Parque Oasis 10:00 hrs. \u00a0DOMINGO 05 DE JUNIO \u00a0-HURAC\u00c1N VS ANDACOLLO SPORTING Estadio Municipal &#8211; 10:00 hrs. -MANGANESOS VS OBRERO Parque Oasis &#8211; 10:00 hrs. Esta fecha quedar\u00e1 condicionada a modificaciones seg\u00fan los pron\u00f3sticos del tiempo. Ante una eventualidad [&hellip;]<\/p>\n","protected":false},"author":3,"featured_media":0,"comment_status":"open","ping_status":"open","sticky":false,"template":"","format":"standard","meta":{"_acf_changed":false,"footnotes":""},"categories":[1],"tags":[388,446,403],"acf":[],"aioseo_notices":[],"_links":{"self":[{"href":"https:\/\/www.andacolloconectado.cl\/index.php\/wp-json\/wp\/v2\/posts\/2240"}],"collection":[{"href":"https:\/\/www.andacolloconectado.cl\/index.php\/wp-json\/wp\/v2\/posts"}],"about":[{"href":"https:\/\/www.andacolloconectado.cl\/index.php\/wp-json\/wp\/v2\/types\/post"}],"author":[{"embeddable":true,"href":"https:\/\/www.andacolloconectado.cl\/index.php\/wp-json\/wp\/v2\/users\/3"}],"replies":[{"embeddable":true,"href":"https:\/\/www.andacolloconectado.cl\/index.php\/wp-json\/wp\/v2\/comments?post=2240"}],"version-history":[{"count":5,"href":"https:\/\/www.andacolloconectado.cl\/index.php\/wp-json\/wp\/v2\/posts\/2240\/revisions"}],"predecessor-version":[{"id":2245,"href":"https:\/\/www.andacolloconectado.cl\/index.php\/wp-json\/wp\/v2\/posts\/2240\/revisions\/2245"}],"wp:attachment":[{"href":"https:\/\/www.andacolloconectado.cl\/index.php\/wp-json\/wp\/v2\/media?parent=2240"}],"wp:term":[{"taxonomy":"category","embeddable":true,"href":"https:\/\/www.andacolloconectado.cl\/index.php\/wp-json\/wp\/v2\/categories?post=2240"},{"taxonomy":"post_tag","embeddable":true,"href":"https:\/\/www.andacolloconectado.cl\/index.php\/wp-json\/wp\/v2\/tags?post=2240"}],"curies":[{"name":"wp","href":"https:\/\/api.w.org\/{rel}","templated":true}]}}