{"id":2257,"date":"2016-06-07T17:01:41","date_gmt":"2016-06-07T17:01:41","guid":{"rendered":"http:\/\/www.andacolloconectado.cl\/?p=2257"},"modified":"2016-06-07T17:01:41","modified_gmt":"2016-06-07T17:01:41","slug":"entregan-fondos-para-organizaciones-sociales","status":"publish","type":"post","link":"https:\/\/www.andacolloconectado.cl\/index.php\/entregan-fondos-para-organizaciones-sociales\/","title":{"rendered":"Entregan Fondos para Organizaciones Sociales"},"content":{"rendered":"<p>&nbsp;<\/p>\n<p>Diversas organizaciones sociales postularon este a\u00f1o a los fondos de la\u00a0Subvenci\u00f3n Municipal, fueron 22 millones de pesos a repartir para nuestra\u00a0comuna que este lunes fueron entregados en el municipio local.<\/p>\n<p>La finalidad es colaborar con recursos econ\u00f3micos y\/o materiales para contribuir a\u00a0financiar actividades y proyectos espec\u00edficos a personas jur\u00eddicas de car\u00e1cter\u00a0p\u00fablico o privado, sin fines de lucro, que colaboren directamente en el\u00a0cumplimiento de las funciones municipales.<\/p>\n<p>Adem\u00e1s se busca contribuir a la implementaci\u00f3n de proyectos generados,\u00a0dise\u00f1ados y gestionados por las mismas organizaciones con actividades dentro de\u00a0la comuna con el fin de colaborar al fortalecimiento de la organizaci\u00f3n, al fomento\u00a0de la autogesti\u00f3n, la participaci\u00f3n comunitaria y al establecimiento de redes apoyo\u00a0a nivel comunal.<\/p>\n<p style=\"text-align: center;\"><strong>ORGANIZACIONES GANADORAS:<\/strong><\/p>\n<p><strong>a).- De infraestructura<\/strong><\/p>\n<p><strong>N\u00b0 NOMBRE ORGANIZACION<\/strong><\/p>\n<p>01 Junta de Vecinos N\u00b0 21 Poblaci\u00f3n Los Mineros<\/p>\n<p>02 Agrupaci\u00f3n Social Cultural San Isidro La Jarilla<\/p>\n<p>03 Junta de Vecinos N\u00b0 05 Casuto<\/p>\n<p>04 Centro de Madres Las Ilusiones<\/p>\n<p>05 Junta de Vecinos N\u00b0 7 Las Catanas<\/p>\n<p>06 Centro de Padres y Apoderados Escuela Patricio Lynch<\/p>\n<p>07 Club Adulto Mayor Rayitos de Sol<\/p>\n<p>08 Junta de Vecinos N\u00b0 16 San Jos\u00e9 Curque Alto<\/p>\n<p>09 Junta de Vecinos N\u00b0 6 Bellavista<\/p>\n<p>10 Junta de Vecinos N\u00b0 15 Ampliaci\u00f3n 25 de Octubre<\/p>\n<p>11 Junta de Vecinos N\u00b0 10 Churrumata<\/p>\n<p>12 Junta de Vecinos N\u00b0 18 Villa Mart\u00ednez<\/p>\n<p>13 Club Deportivo Social La Jarilla<\/p>\n<p>14 Junta de Vecinos N\u00b0 4 El Curque<\/p>\n<p>15 Junta de Vecinos N\u00b0 22 Mackenna<\/p>\n<p>16 Junta de Vecinos N\u00b0 11 Villa Santiago<\/p>\n<p><strong>a).- De fortalecimiento organizacional<\/strong><\/p>\n<p><strong>N\u00b0 NOMBRE ORGANIZACION<\/strong><\/p>\n<p>17 Club Deportivo Andacollo Sporting<\/p>\n<p>18 Junta de Vecinos N\u00b0 03 Barrio Norte<\/p>\n<p>19 Uni\u00f3n de Centros de Madres<\/p>\n<p>20 Junta de Vecinos N\u00b0 1 Matadero<\/p>\n<p>21 Club Deportivo Churrumata<\/p>\n<p>22 Club Deportivo Alianza<\/p>\n<p>23 Agrupaci\u00f3n Padres y Amigos Escuela Luis Amen\u00e1bar El Manzano<\/p>\n<p>24 Club Deportivo Social, Cultural Adulto Mayor Uni\u00f3n Renacer<\/p>\n<p>25 Club Adulto Mayor Villa Los Aromos<\/p>\n<p>26 Centro de Madres Isabel Riquelme<\/p>\n<p>27 Agrupaci\u00f3n Social, Cultural Padre Antonio Mar\u00eda Claret<\/p>\n<p>28 Club Adulto Mayor Uni\u00f3n y Esperanza<\/p>\n<p>29 Club Deportivo Manganeso<\/p>\n<p>30 Centro de Padres y Apoderados Jard\u00edn Familiar Mundo de Amor<\/p>\n<p>31 Centro de Padres y Apoderados Jard\u00edn Familiar Chispitas de Amor<\/p>\n<p>32 Club deportivo Palestino<\/p>\n<p>33 Centro de Padres y Apoderados Sala Cuna y Jard\u00edn Infantil Soles de Oro<\/p>\n<p>34 Centro de Padres y Apoderados Colegio Nuestra Se\u00f1ora del Rosario<\/p>\n<p><strong>Proyectos de $ 250.000<\/strong><\/p>\n<p><strong>a).- De voluntariado<\/strong><\/p>\n<p>35 Agrupaci\u00f3n Social Damas Vida y Salud \u201cV &amp;amp; s\u201d<\/p>\n<p><strong>d).- De manualidades<\/strong><\/p>\n<p><strong>N\u00b0 NOMBRE ORGANIZACION<\/strong><\/p>\n<p>36 Club de Rehabilitados Alcoh\u00f3licos Nueva Esperanza<\/p>\n<p>37 Centro de Madres Ang\u00e9lica Lobos<\/p>\n<p>38 Centro de Madres Magaly Jorquera Past\u00e9n<\/p>\n<p>39 Centro de Madres Gabriela Mistral<\/p>\n<p>40 Club Adulto Mayor Alegr\u00eda de Vivir<\/p>\n<p>41 Club Adulto Mayor A\u00f1os Dorados<\/p>\n<p>42 Centro de Madres Adriana Rivera Castro<\/p>\n<p>43 Centro de Madres Nelly Castro Cena<\/p>\n<p>44 Centro de Madres In\u00e9s de Suarez<\/p>\n<p>45 Club Adulto Mayor Luceros de Mackenna<\/p>\n<p>46 Centro de Madres Herminia Guerra<\/p>\n<p>47 Club Adulto Mayor Los Muchachos de Antes<\/p>\n<p>48 Centro de Madres Iris Sola Cortes<\/p>\n<p>49 Club Adulto Mayor Ojitos Cansados<\/p>\n","protected":false},"excerpt":{"rendered":"<p>&nbsp; Diversas organizaciones sociales postularon este a\u00f1o a los fondos de la\u00a0Subvenci\u00f3n Municipal, fueron 22 millones de pesos a repartir para nuestra\u00a0comuna que este lunes fueron entregados en el municipio local. La finalidad es colaborar con recursos econ\u00f3micos y\/o materiales para contribuir a\u00a0financiar actividades y proyectos espec\u00edficos a personas jur\u00eddicas de car\u00e1cter\u00a0p\u00fablico o privado, sin [&hellip;]<\/p>\n","protected":false},"author":3,"featured_media":0,"comment_status":"open","ping_status":"open","sticky":false,"template":"","format":"standard","meta":{"_acf_changed":false,"footnotes":""},"categories":[1],"tags":[193,41,447],"acf":[],"aioseo_notices":[],"_links":{"self":[{"href":"https:\/\/www.andacolloconectado.cl\/index.php\/wp-json\/wp\/v2\/posts\/2257"}],"collection":[{"href":"https:\/\/www.andacolloconectado.cl\/index.php\/wp-json\/wp\/v2\/posts"}],"about":[{"href":"https:\/\/www.andacolloconectado.cl\/index.php\/wp-json\/wp\/v2\/types\/post"}],"author":[{"embeddable":true,"href":"https:\/\/www.andacolloconectado.cl\/index.php\/wp-json\/wp\/v2\/users\/3"}],"replies":[{"embeddable":true,"href":"https:\/\/www.andacolloconectado.cl\/index.php\/wp-json\/wp\/v2\/comments?post=2257"}],"version-history":[{"count":1,"href":"https:\/\/www.andacolloconectado.cl\/index.php\/wp-json\/wp\/v2\/posts\/2257\/revisions"}],"predecessor-version":[{"id":2259,"href":"https:\/\/www.andacolloconectado.cl\/index.php\/wp-json\/wp\/v2\/posts\/2257\/revisions\/2259"}],"wp:attachment":[{"href":"https:\/\/www.andacolloconectado.cl\/index.php\/wp-json\/wp\/v2\/media?parent=2257"}],"wp:term":[{"taxonomy":"category","embeddable":true,"href":"https:\/\/www.andacolloconectado.cl\/index.php\/wp-json\/wp\/v2\/categories?post=2257"},{"taxonomy":"post_tag","embeddable":true,"href":"https:\/\/www.andacolloconectado.cl\/index.php\/wp-json\/wp\/v2\/tags?post=2257"}],"curies":[{"name":"wp","href":"https:\/\/api.w.org\/{rel}","templated":true}]}}